{"id":3430,"date":"2026-08-02T20:58:17","date_gmt":"2026-08-02T20:58:17","guid":{"rendered":"https:\/\/hannesriedzwei.sommercamp.berlin\/?p=3430"},"modified":"2026-08-02T20:58:17","modified_gmt":"2026-08-02T20:58:17","slug":"anreisetag-die-erste-nacht-und-gutes-wetter-i01-08-02-08-i","status":"publish","type":"post","link":"https:\/\/hannesriedzwei.sommercamp.berlin\/?p=3430","title":{"rendered":"Anreisetag, die erste Nacht und gutes Wetter! I01.08.\/02.08.I"},"content":{"rendered":"\n<figure class=\"wp-block-image size-large\"><img loading=\"lazy\" decoding=\"async\" width=\"872\" height=\"1024\" src=\"https:\/\/hannesriedzwei.sommercamp.berlin\/wp-content\/uploads\/2026\/08\/PHOTO-2026-08-02-00-37-44-3-872x1024.jpg\" alt=\"\" class=\"wp-image-3436\" srcset=\"https:\/\/hannesriedzwei.sommercamp.berlin\/wp-content\/uploads\/2026\/08\/PHOTO-2026-08-02-00-37-44-3-872x1024.jpg 872w, https:\/\/hannesriedzwei.sommercamp.berlin\/wp-content\/uploads\/2026\/08\/PHOTO-2026-08-02-00-37-44-3-256x300.jpg 256w, https:\/\/hannesriedzwei.sommercamp.berlin\/wp-content\/uploads\/2026\/08\/PHOTO-2026-08-02-00-37-44-3-768x902.jpg 768w, https:\/\/hannesriedzwei.sommercamp.berlin\/wp-content\/uploads\/2026\/08\/PHOTO-2026-08-02-00-37-44-3-1308x1536.jpg 1308w, https:\/\/hannesriedzwei.sommercamp.berlin\/wp-content\/uploads\/2026\/08\/PHOTO-2026-08-02-00-37-44-3.jpg 1363w\" sizes=\"auto, (max-width: 767px) 89vw, (max-width: 1000px) 54vw, (max-width: 1071px) 543px, 580px\" \/><\/figure>\n\n\n\n<p class=\"wp-block-paragraph\">Liebe Mitlesende, <\/p>\n\n\n\n<p class=\"wp-block-paragraph\">wir haben am Samstag unversehrt und relativ fr\u00fch, gegen 14:30 unseren Zeltplatz in Hannesried erreicht! Dann ging es auch schon los mit einer ersten Ansprache bei der wir mit den Kindern den t\u00e4glichen Ablauf, Regeln und alles Weitere besprochen haben. Gleich im Anschluss haben sich die Kinder ganz aufgeregt ihre Zeltpartner gesucht, mit denen sie dann die n\u00e4chsten drei Wochen in einem Zelt schlafen werden. <\/p>\n\n\n\n<p class=\"wp-block-paragraph\">Zum Abendessen gab es wie immer am Anreisetag Nudeln mit Tomatensauce und zum Abendprogramm wurden noch ein paar schnelle und erm\u00fcdende Runden Zombieball auf der Wiese gespielt. W\u00e4hrend einige Zombieball spielten, bildeten sich schon die ersten Freundesgruppen und es wurde viel gelacht, gespielt und gequatscht! Um 21:30 hie\u00df es dann wie immer: Z\u00e4hne putzen, Pullern und ab ins Bett! Um 22:00 beginnt die Nachtruhe, der n\u00e4chste Morgen startete f\u00fcr die Kinder um 8 Uhr, einige sind aber wie immer auch schon fr\u00fcher auf den Beinen.<\/p>\n\n\n\n<figure class=\"wp-block-gallery has-nested-images columns-default is-cropped wp-block-gallery-1 is-layout-flex wp-block-gallery-is-layout-flex\">\n<figure class=\"wp-block-image size-large\"><img loading=\"lazy\" decoding=\"async\" width=\"768\" height=\"1024\" data-id=\"3433\" src=\"https:\/\/hannesriedzwei.sommercamp.berlin\/wp-content\/uploads\/2026\/08\/PHOTO-2026-08-02-00-37-43-4-1-768x1024.jpg\" alt=\"\" class=\"wp-image-3433\" srcset=\"https:\/\/hannesriedzwei.sommercamp.berlin\/wp-content\/uploads\/2026\/08\/PHOTO-2026-08-02-00-37-43-4-1-768x1024.jpg 768w, https:\/\/hannesriedzwei.sommercamp.berlin\/wp-content\/uploads\/2026\/08\/PHOTO-2026-08-02-00-37-43-4-1-225x300.jpg 225w, https:\/\/hannesriedzwei.sommercamp.berlin\/wp-content\/uploads\/2026\/08\/PHOTO-2026-08-02-00-37-43-4-1-1152x1536.jpg 1152w, https:\/\/hannesriedzwei.sommercamp.berlin\/wp-content\/uploads\/2026\/08\/PHOTO-2026-08-02-00-37-43-4-1.jpg 1200w\" sizes=\"auto, (max-width: 767px) 89vw, (max-width: 1000px) 54vw, (max-width: 1071px) 543px, 580px\" \/><\/figure>\n\n\n\n<figure class=\"wp-block-image size-large\"><img loading=\"lazy\" decoding=\"async\" width=\"768\" height=\"1024\" data-id=\"3439\" src=\"https:\/\/hannesriedzwei.sommercamp.berlin\/wp-content\/uploads\/2026\/08\/PHOTO-2026-08-02-00-37-43-2-768x1024.jpg\" alt=\"\" class=\"wp-image-3439\" srcset=\"https:\/\/hannesriedzwei.sommercamp.berlin\/wp-content\/uploads\/2026\/08\/PHOTO-2026-08-02-00-37-43-2-768x1024.jpg 768w, https:\/\/hannesriedzwei.sommercamp.berlin\/wp-content\/uploads\/2026\/08\/PHOTO-2026-08-02-00-37-43-2-225x300.jpg 225w, https:\/\/hannesriedzwei.sommercamp.berlin\/wp-content\/uploads\/2026\/08\/PHOTO-2026-08-02-00-37-43-2-1152x1536.jpg 1152w, https:\/\/hannesriedzwei.sommercamp.berlin\/wp-content\/uploads\/2026\/08\/PHOTO-2026-08-02-00-37-43-2.jpg 1200w\" sizes=\"auto, (max-width: 767px) 89vw, (max-width: 1000px) 54vw, (max-width: 1071px) 543px, 580px\" \/><\/figure>\n\n\n\n<figure class=\"wp-block-image size-large\"><img loading=\"lazy\" decoding=\"async\" width=\"1024\" height=\"768\" data-id=\"3432\" src=\"https:\/\/hannesriedzwei.sommercamp.berlin\/wp-content\/uploads\/2026\/08\/PHOTO-2026-08-02-00-37-44-5-1024x768.jpg\" alt=\"\" class=\"wp-image-3432\" srcset=\"https:\/\/hannesriedzwei.sommercamp.berlin\/wp-content\/uploads\/2026\/08\/PHOTO-2026-08-02-00-37-44-5-1024x768.jpg 1024w, https:\/\/hannesriedzwei.sommercamp.berlin\/wp-content\/uploads\/2026\/08\/PHOTO-2026-08-02-00-37-44-5-300x225.jpg 300w, https:\/\/hannesriedzwei.sommercamp.berlin\/wp-content\/uploads\/2026\/08\/PHOTO-2026-08-02-00-37-44-5-768x576.jpg 768w, https:\/\/hannesriedzwei.sommercamp.berlin\/wp-content\/uploads\/2026\/08\/PHOTO-2026-08-02-00-37-44-5-1536x1152.jpg 1536w, https:\/\/hannesriedzwei.sommercamp.berlin\/wp-content\/uploads\/2026\/08\/PHOTO-2026-08-02-00-37-44-5.jpg 1600w\" sizes=\"auto, (max-width: 767px) 89vw, (max-width: 1000px) 54vw, (max-width: 1071px) 543px, 580px\" \/><\/figure>\n\n\n\n<figure class=\"wp-block-image size-large\"><img loading=\"lazy\" decoding=\"async\" width=\"1024\" height=\"768\" data-id=\"3438\" src=\"https:\/\/hannesriedzwei.sommercamp.berlin\/wp-content\/uploads\/2026\/08\/PHOTO-2026-08-02-00-37-44-4-1024x768.jpg\" alt=\"\" class=\"wp-image-3438\" srcset=\"https:\/\/hannesriedzwei.sommercamp.berlin\/wp-content\/uploads\/2026\/08\/PHOTO-2026-08-02-00-37-44-4-1024x768.jpg 1024w, https:\/\/hannesriedzwei.sommercamp.berlin\/wp-content\/uploads\/2026\/08\/PHOTO-2026-08-02-00-37-44-4-300x225.jpg 300w, https:\/\/hannesriedzwei.sommercamp.berlin\/wp-content\/uploads\/2026\/08\/PHOTO-2026-08-02-00-37-44-4-768x576.jpg 768w, https:\/\/hannesriedzwei.sommercamp.berlin\/wp-content\/uploads\/2026\/08\/PHOTO-2026-08-02-00-37-44-4-1536x1152.jpg 1536w, https:\/\/hannesriedzwei.sommercamp.berlin\/wp-content\/uploads\/2026\/08\/PHOTO-2026-08-02-00-37-44-4.jpg 1600w\" sizes=\"auto, (max-width: 767px) 89vw, (max-width: 1000px) 54vw, (max-width: 1071px) 543px, 580px\" \/><\/figure>\n\n\n\n<figure class=\"wp-block-image size-large\"><img loading=\"lazy\" decoding=\"async\" width=\"1024\" height=\"768\" data-id=\"3435\" src=\"https:\/\/hannesriedzwei.sommercamp.berlin\/wp-content\/uploads\/2026\/08\/PHOTO-2026-08-02-00-37-44-2-1024x768.jpg\" alt=\"\" class=\"wp-image-3435\" srcset=\"https:\/\/hannesriedzwei.sommercamp.berlin\/wp-content\/uploads\/2026\/08\/PHOTO-2026-08-02-00-37-44-2-1024x768.jpg 1024w, https:\/\/hannesriedzwei.sommercamp.berlin\/wp-content\/uploads\/2026\/08\/PHOTO-2026-08-02-00-37-44-2-300x225.jpg 300w, https:\/\/hannesriedzwei.sommercamp.berlin\/wp-content\/uploads\/2026\/08\/PHOTO-2026-08-02-00-37-44-2-768x576.jpg 768w, https:\/\/hannesriedzwei.sommercamp.berlin\/wp-content\/uploads\/2026\/08\/PHOTO-2026-08-02-00-37-44-2-1536x1152.jpg 1536w, https:\/\/hannesriedzwei.sommercamp.berlin\/wp-content\/uploads\/2026\/08\/PHOTO-2026-08-02-00-37-44-2.jpg 1600w\" sizes=\"auto, (max-width: 767px) 89vw, (max-width: 1000px) 54vw, (max-width: 1071px) 543px, 580px\" \/><\/figure>\n\n\n\n<figure class=\"wp-block-image size-large\"><img loading=\"lazy\" decoding=\"async\" width=\"1024\" height=\"768\" data-id=\"3437\" src=\"https:\/\/hannesriedzwei.sommercamp.berlin\/wp-content\/uploads\/2026\/08\/PHOTO-2026-08-02-00-37-44-1024x768.jpg\" alt=\"\" class=\"wp-image-3437\" srcset=\"https:\/\/hannesriedzwei.sommercamp.berlin\/wp-content\/uploads\/2026\/08\/PHOTO-2026-08-02-00-37-44-1024x768.jpg 1024w, https:\/\/hannesriedzwei.sommercamp.berlin\/wp-content\/uploads\/2026\/08\/PHOTO-2026-08-02-00-37-44-300x225.jpg 300w, https:\/\/hannesriedzwei.sommercamp.berlin\/wp-content\/uploads\/2026\/08\/PHOTO-2026-08-02-00-37-44-768x576.jpg 768w, https:\/\/hannesriedzwei.sommercamp.berlin\/wp-content\/uploads\/2026\/08\/PHOTO-2026-08-02-00-37-44-1536x1152.jpg 1536w, https:\/\/hannesriedzwei.sommercamp.berlin\/wp-content\/uploads\/2026\/08\/PHOTO-2026-08-02-00-37-44.jpg 1600w\" sizes=\"auto, (max-width: 767px) 89vw, (max-width: 1000px) 54vw, (max-width: 1071px) 543px, 580px\" \/><\/figure>\n\n\n\n<figure class=\"wp-block-image size-large\"><img loading=\"lazy\" decoding=\"async\" width=\"768\" height=\"1024\" data-id=\"3441\" src=\"https:\/\/hannesriedzwei.sommercamp.berlin\/wp-content\/uploads\/2026\/08\/PHOTO-2026-08-02-00-37-43-3-768x1024.jpg\" alt=\"\" class=\"wp-image-3441\" srcset=\"https:\/\/hannesriedzwei.sommercamp.berlin\/wp-content\/uploads\/2026\/08\/PHOTO-2026-08-02-00-37-43-3-768x1024.jpg 768w, https:\/\/hannesriedzwei.sommercamp.berlin\/wp-content\/uploads\/2026\/08\/PHOTO-2026-08-02-00-37-43-3-225x300.jpg 225w, https:\/\/hannesriedzwei.sommercamp.berlin\/wp-content\/uploads\/2026\/08\/PHOTO-2026-08-02-00-37-43-3-1152x1536.jpg 1152w, https:\/\/hannesriedzwei.sommercamp.berlin\/wp-content\/uploads\/2026\/08\/PHOTO-2026-08-02-00-37-43-3.jpg 1200w\" sizes=\"auto, (max-width: 767px) 89vw, (max-width: 1000px) 54vw, (max-width: 1071px) 543px, 580px\" \/><\/figure>\n\n\n\n<figure class=\"wp-block-image size-large\"><img loading=\"lazy\" decoding=\"async\" width=\"768\" height=\"1024\" data-id=\"3440\" src=\"https:\/\/hannesriedzwei.sommercamp.berlin\/wp-content\/uploads\/2026\/08\/PHOTO-2026-08-02-00-37-43-768x1024.jpg\" alt=\"\" class=\"wp-image-3440\" srcset=\"https:\/\/hannesriedzwei.sommercamp.berlin\/wp-content\/uploads\/2026\/08\/PHOTO-2026-08-02-00-37-43-768x1024.jpg 768w, https:\/\/hannesriedzwei.sommercamp.berlin\/wp-content\/uploads\/2026\/08\/PHOTO-2026-08-02-00-37-43-225x300.jpg 225w, https:\/\/hannesriedzwei.sommercamp.berlin\/wp-content\/uploads\/2026\/08\/PHOTO-2026-08-02-00-37-43-1152x1536.jpg 1152w, https:\/\/hannesriedzwei.sommercamp.berlin\/wp-content\/uploads\/2026\/08\/PHOTO-2026-08-02-00-37-43.jpg 1200w\" sizes=\"auto, (max-width: 767px) 89vw, (max-width: 1000px) 54vw, (max-width: 1071px) 543px, 580px\" \/><\/figure>\n<\/figure>\n\n\n\n<figure class=\"wp-block-image size-full\"><img decoding=\"async\" src=\"https:\/\/hannesriedzwei.sommercamp.berlin\/wp-content\/uploads\/2026\/08\/IMG_7864-1.heic\" alt=\"\" class=\"wp-image-3444\"\/><figcaption class=\"wp-element-caption\">Unsere Nummer 1 (Und der Tagesplan)<\/figcaption><\/figure>\n\n\n\n<figure class=\"wp-block-image size-large\"><img loading=\"lazy\" decoding=\"async\" width=\"768\" height=\"1024\" src=\"https:\/\/hannesriedzwei.sommercamp.berlin\/wp-content\/uploads\/2026\/08\/PHOTO-2026-08-02-13-32-25-1-768x1024.jpg\" alt=\"\" class=\"wp-image-3445\" srcset=\"https:\/\/hannesriedzwei.sommercamp.berlin\/wp-content\/uploads\/2026\/08\/PHOTO-2026-08-02-13-32-25-1-768x1024.jpg 768w, https:\/\/hannesriedzwei.sommercamp.berlin\/wp-content\/uploads\/2026\/08\/PHOTO-2026-08-02-13-32-25-1-225x300.jpg 225w, https:\/\/hannesriedzwei.sommercamp.berlin\/wp-content\/uploads\/2026\/08\/PHOTO-2026-08-02-13-32-25-1-1152x1536.jpg 1152w, https:\/\/hannesriedzwei.sommercamp.berlin\/wp-content\/uploads\/2026\/08\/PHOTO-2026-08-02-13-32-25-1.jpg 1200w\" sizes=\"auto, (max-width: 767px) 89vw, (max-width: 1000px) 54vw, (max-width: 1071px) 543px, 580px\" \/><figcaption class=\"wp-element-caption\">Zum Mittag gab es Spinat, Ei und Kartoffeln. Zum Nachtisch gab es Eis <\/figcaption><\/figure>\n\n\n\n<p class=\"wp-block-paragraph\">Das Wetter spielte uns am Sonntag gut in die Karten, sodass wir nach der Mittagspause (die immer nach dem Mittagessen bis circa 15 Uhr stattfindet), direkt mit den Kindern ins Waldbad gegangen sind. Das Waldbad ist ein kleines Schwimmbecken mit dazugeh\u00f6rigem Restaurant, was in 15 Minuten zu Fu\u00df gut zu erreichen ist. Perfekt f\u00fcr das Zeltlager! <\/p>\n\n\n\n<p class=\"wp-block-paragraph\">Wieder im Zeltlager zur\u00fcck gab es auch schon direkt Abendessen. Das besteht bei uns meistens aus Brot und Belag und vielen zus\u00e4tzlichen Leckereien. Heute gab es zum Beispiel \u00fcberbackene Kartoffeln, Thunfischcreme, selbstgemachten Eiersalat und weitere Leckere K\u00f6stlichkeiten f\u00fcr die Kinder. Danke an die K\u00fcche an dieser Stelle! <\/p>\n\n\n\n<p class=\"wp-block-paragraph\">Nach dem Abendessen wurde dann von Zelt 1 und Zelt 7 Holz gesammelt, sodass bei der Nachtwache ein Lagerfeuer gemacht werden kann. W\u00e4hrenddessen spielten die restlichen Kinder Brennball, Zombieball, Frisbee oder Badminton. Um 21:30 hie\u00df es dann wieder: Z\u00e4hne putzen, Pullern und ab ins Bett! <\/p>\n\n\n\n<figure class=\"wp-block-image size-large\"><img loading=\"lazy\" decoding=\"async\" width=\"1024\" height=\"768\" src=\"https:\/\/hannesriedzwei.sommercamp.berlin\/wp-content\/uploads\/2026\/08\/3cee8850-983e-4828-8c70-54142ab6251c-1024x768.jpg\" alt=\"\" class=\"wp-image-3448\" srcset=\"https:\/\/hannesriedzwei.sommercamp.berlin\/wp-content\/uploads\/2026\/08\/3cee8850-983e-4828-8c70-54142ab6251c-1024x768.jpg 1024w, https:\/\/hannesriedzwei.sommercamp.berlin\/wp-content\/uploads\/2026\/08\/3cee8850-983e-4828-8c70-54142ab6251c-300x225.jpg 300w, https:\/\/hannesriedzwei.sommercamp.berlin\/wp-content\/uploads\/2026\/08\/3cee8850-983e-4828-8c70-54142ab6251c-768x576.jpg 768w, https:\/\/hannesriedzwei.sommercamp.berlin\/wp-content\/uploads\/2026\/08\/3cee8850-983e-4828-8c70-54142ab6251c-1536x1152.jpg 1536w, https:\/\/hannesriedzwei.sommercamp.berlin\/wp-content\/uploads\/2026\/08\/3cee8850-983e-4828-8c70-54142ab6251c.jpg 1600w\" sizes=\"auto, (max-width: 767px) 89vw, (max-width: 1000px) 54vw, (max-width: 1071px) 543px, 580px\" \/><figcaption class=\"wp-element-caption\">Zelt 1 und 7 bei der Nachtwache. Hier wird noch richtig aufeinander aufgepasst! Vor allem auf unsere Fahne<\/figcaption><\/figure>\n\n\n\n<p class=\"wp-block-paragraph\"><\/p>\n","protected":false},"excerpt":{"rendered":"<p>Liebe Mitlesende, wir haben am Samstag unversehrt und relativ fr\u00fch, gegen 14:30 unseren Zeltplatz in Hannesried erreicht! Dann ging es auch schon los mit einer ersten Ansprache bei der wir mit den Kindern den t\u00e4glichen Ablauf, Regeln und alles Weitere besprochen haben. Gleich im Anschluss haben sich die Kinder ganz aufgeregt ihre Zeltpartner gesucht, mit &hellip; <\/p>\n<p class=\"link-more\"><a href=\"https:\/\/hannesriedzwei.sommercamp.berlin\/?p=3430\" class=\"more-link\"><span class=\"screen-reader-text\">\u201eAnreisetag, die erste Nacht und gutes Wetter! I01.08.\/02.08.I\u201c <\/span>weiterlesen<\/a><\/p>\n","protected":false},"author":5,"featured_media":0,"comment_status":"open","ping_status":"","sticky":false,"template":"","format":"standard","meta":{"footnotes":""},"categories":[1],"tags":[],"class_list":["post-3430","post","type-post","status-publish","format-standard","hentry","category-uncategorized"],"_links":{"self":[{"href":"https:\/\/hannesriedzwei.sommercamp.berlin\/index.php?rest_route=\/wp\/v2\/posts\/3430","targetHints":{"allow":["GET"]}}],"collection":[{"href":"https:\/\/hannesriedzwei.sommercamp.berlin\/index.php?rest_route=\/wp\/v2\/posts"}],"about":[{"href":"https:\/\/hannesriedzwei.sommercamp.berlin\/index.php?rest_route=\/wp\/v2\/types\/post"}],"author":[{"embeddable":true,"href":"https:\/\/hannesriedzwei.sommercamp.berlin\/index.php?rest_route=\/wp\/v2\/users\/5"}],"replies":[{"embeddable":true,"href":"https:\/\/hannesriedzwei.sommercamp.berlin\/index.php?rest_route=%2Fwp%2Fv2%2Fcomments&post=3430"}],"version-history":[{"count":4,"href":"https:\/\/hannesriedzwei.sommercamp.berlin\/index.php?rest_route=\/wp\/v2\/posts\/3430\/revisions"}],"predecessor-version":[{"id":3450,"href":"https:\/\/hannesriedzwei.sommercamp.berlin\/index.php?rest_route=\/wp\/v2\/posts\/3430\/revisions\/3450"}],"wp:attachment":[{"href":"https:\/\/hannesriedzwei.sommercamp.berlin\/index.php?rest_route=%2Fwp%2Fv2%2Fmedia&parent=3430"}],"wp:term":[{"taxonomy":"category","embeddable":true,"href":"https:\/\/hannesriedzwei.sommercamp.berlin\/index.php?rest_route=%2Fwp%2Fv2%2Fcategories&post=3430"},{"taxonomy":"post_tag","embeddable":true,"href":"https:\/\/hannesriedzwei.sommercamp.berlin\/index.php?rest_route=%2Fwp%2Fv2%2Ftags&post=3430"}],"curies":[{"name":"wp","href":"https:\/\/api.w.org\/{rel}","templated":true}]}}