{"id":3452,"date":"2026-08-03T22:43:50","date_gmt":"2026-08-03T22:43:50","guid":{"rendered":"https:\/\/hannesriedzwei.sommercamp.berlin\/?p=3452"},"modified":"2026-08-08T18:17:56","modified_gmt":"2026-08-08T18:17:56","slug":"spannender-montag-i03-08-i","status":"publish","type":"post","link":"https:\/\/hannesriedzwei.sommercamp.berlin\/?p=3452","title":{"rendered":"Spannender Montag I03.08.I"},"content":{"rendered":"\n<figure class=\"wp-block-image size-large\"><img loading=\"lazy\" decoding=\"async\" width=\"768\" height=\"1024\" src=\"https:\/\/hannesriedzwei.sommercamp.berlin\/wp-content\/uploads\/2026\/08\/PHOTO-2026-08-02-22-00-15-768x1024.jpg\" alt=\"\" class=\"wp-image-3479\" srcset=\"https:\/\/hannesriedzwei.sommercamp.berlin\/wp-content\/uploads\/2026\/08\/PHOTO-2026-08-02-22-00-15-768x1024.jpg 768w, https:\/\/hannesriedzwei.sommercamp.berlin\/wp-content\/uploads\/2026\/08\/PHOTO-2026-08-02-22-00-15-225x300.jpg 225w, https:\/\/hannesriedzwei.sommercamp.berlin\/wp-content\/uploads\/2026\/08\/PHOTO-2026-08-02-22-00-15-1152x1536.jpg 1152w, https:\/\/hannesriedzwei.sommercamp.berlin\/wp-content\/uploads\/2026\/08\/PHOTO-2026-08-02-22-00-15.jpg 1536w\" sizes=\"auto, (max-width: 767px) 89vw, (max-width: 1000px) 54vw, (max-width: 1071px) 543px, 580px\" \/><\/figure>\n\n\n\n<p class=\"wp-block-paragraph\">Liebe Eltern, in diesem Jahr wird der Blog nicht nur von uns Erwachsenen geschrieben, sondern die Kinder gestalten den Text sowie die Fotos mit uns gemeinsam! Das bedeutet, dass alle Fotos sowie auch der Text den ihr in den n\u00e4chsten Tagen lest, mit den Kindern gemeinsam verfasst wurde. Ihr k\u00f6nnt euch also auf spannende, lustige und aufregende Blogbeitr\u00e4ge freuen! <\/p>\n\n\n\n<figure class=\"wp-block-image size-full\"><img decoding=\"async\" src=\"https:\/\/hannesriedzwei.sommercamp.berlin\/wp-content\/uploads\/2026\/08\/IMG_7883.heic\" alt=\"\" class=\"wp-image-3480\"\/><figcaption class=\"wp-element-caption\">Die Blog-Bestfriends vom heutigen Tage<\/figcaption><\/figure>\n\n\n\n<p class=\"wp-block-paragraph\">Um 8:30 gab es Fr\u00fchst\u00fcck, kurz danach gab es Taschengeld. Dann sind wir zum Kiosk gegangen. Danach wurden im Bastelzelt Tassen bemalt, w\u00e4hrend  einige Kinder ihr Geld im Dorf ausgegeben haben. Tischdienst hatten heute Zelt 4\/5\/8.<\/p>\n\n\n\n<figure class=\"wp-block-gallery has-nested-images columns-default is-cropped wp-block-gallery-1 is-layout-flex wp-block-gallery-is-layout-flex\">\n<figure class=\"wp-block-image size-large\"><img loading=\"lazy\" decoding=\"async\" width=\"768\" height=\"1024\" data-id=\"3454\" src=\"https:\/\/hannesriedzwei.sommercamp.berlin\/wp-content\/uploads\/2026\/08\/PHOTO-2026-08-03-16-00-15-2-768x1024.jpg\" alt=\"\" class=\"wp-image-3454\" srcset=\"https:\/\/hannesriedzwei.sommercamp.berlin\/wp-content\/uploads\/2026\/08\/PHOTO-2026-08-03-16-00-15-2-768x1024.jpg 768w, https:\/\/hannesriedzwei.sommercamp.berlin\/wp-content\/uploads\/2026\/08\/PHOTO-2026-08-03-16-00-15-2-225x300.jpg 225w, https:\/\/hannesriedzwei.sommercamp.berlin\/wp-content\/uploads\/2026\/08\/PHOTO-2026-08-03-16-00-15-2-1152x1536.jpg 1152w, https:\/\/hannesriedzwei.sommercamp.berlin\/wp-content\/uploads\/2026\/08\/PHOTO-2026-08-03-16-00-15-2.jpg 1200w\" sizes=\"auto, (max-width: 767px) 89vw, (max-width: 1000px) 54vw, (max-width: 1071px) 543px, 580px\" \/><\/figure>\n\n\n\n<figure class=\"wp-block-image size-large\"><img loading=\"lazy\" decoding=\"async\" width=\"768\" height=\"1024\" data-id=\"3455\" src=\"https:\/\/hannesriedzwei.sommercamp.berlin\/wp-content\/uploads\/2026\/08\/PHOTO-2026-08-03-16-00-15-3-768x1024.jpg\" alt=\"\" class=\"wp-image-3455\" srcset=\"https:\/\/hannesriedzwei.sommercamp.berlin\/wp-content\/uploads\/2026\/08\/PHOTO-2026-08-03-16-00-15-3-768x1024.jpg 768w, https:\/\/hannesriedzwei.sommercamp.berlin\/wp-content\/uploads\/2026\/08\/PHOTO-2026-08-03-16-00-15-3-225x300.jpg 225w, https:\/\/hannesriedzwei.sommercamp.berlin\/wp-content\/uploads\/2026\/08\/PHOTO-2026-08-03-16-00-15-3-1152x1536.jpg 1152w, https:\/\/hannesriedzwei.sommercamp.berlin\/wp-content\/uploads\/2026\/08\/PHOTO-2026-08-03-16-00-15-3.jpg 1200w\" sizes=\"auto, (max-width: 767px) 89vw, (max-width: 1000px) 54vw, (max-width: 1071px) 543px, 580px\" \/><\/figure>\n\n\n\n<figure class=\"wp-block-image size-large\"><img loading=\"lazy\" decoding=\"async\" width=\"768\" height=\"1024\" data-id=\"3456\" src=\"https:\/\/hannesriedzwei.sommercamp.berlin\/wp-content\/uploads\/2026\/08\/PHOTO-2026-08-03-16-00-15-4-768x1024.jpg\" alt=\"\" class=\"wp-image-3456\" srcset=\"https:\/\/hannesriedzwei.sommercamp.berlin\/wp-content\/uploads\/2026\/08\/PHOTO-2026-08-03-16-00-15-4-768x1024.jpg 768w, https:\/\/hannesriedzwei.sommercamp.berlin\/wp-content\/uploads\/2026\/08\/PHOTO-2026-08-03-16-00-15-4-225x300.jpg 225w, https:\/\/hannesriedzwei.sommercamp.berlin\/wp-content\/uploads\/2026\/08\/PHOTO-2026-08-03-16-00-15-4-1152x1536.jpg 1152w, https:\/\/hannesriedzwei.sommercamp.berlin\/wp-content\/uploads\/2026\/08\/PHOTO-2026-08-03-16-00-15-4.jpg 1200w\" sizes=\"auto, (max-width: 767px) 89vw, (max-width: 1000px) 54vw, (max-width: 1071px) 543px, 580px\" \/><\/figure>\n\n\n\n<figure class=\"wp-block-image size-large\"><img loading=\"lazy\" decoding=\"async\" width=\"768\" height=\"1024\" data-id=\"3458\" src=\"https:\/\/hannesriedzwei.sommercamp.berlin\/wp-content\/uploads\/2026\/08\/PHOTO-2026-08-03-16-00-15-6-768x1024.jpg\" alt=\"\" class=\"wp-image-3458\" srcset=\"https:\/\/hannesriedzwei.sommercamp.berlin\/wp-content\/uploads\/2026\/08\/PHOTO-2026-08-03-16-00-15-6-768x1024.jpg 768w, https:\/\/hannesriedzwei.sommercamp.berlin\/wp-content\/uploads\/2026\/08\/PHOTO-2026-08-03-16-00-15-6-225x300.jpg 225w, https:\/\/hannesriedzwei.sommercamp.berlin\/wp-content\/uploads\/2026\/08\/PHOTO-2026-08-03-16-00-15-6-1152x1536.jpg 1152w, https:\/\/hannesriedzwei.sommercamp.berlin\/wp-content\/uploads\/2026\/08\/PHOTO-2026-08-03-16-00-15-6.jpg 1200w\" sizes=\"auto, (max-width: 767px) 89vw, (max-width: 1000px) 54vw, (max-width: 1071px) 543px, 580px\" \/><figcaption class=\"wp-element-caption\">Wasserrutsch-Bowling gibt es auch nicht \u00fcberall!<\/figcaption><\/figure>\n<\/figure>\n\n\n\n<figure class=\"wp-block-gallery has-nested-images columns-default is-cropped wp-block-gallery-2 is-layout-flex wp-block-gallery-is-layout-flex\">\n<figure class=\"wp-block-image size-large\"><img loading=\"lazy\" decoding=\"async\" width=\"768\" height=\"1024\" data-id=\"3483\" src=\"https:\/\/hannesriedzwei.sommercamp.berlin\/wp-content\/uploads\/2026\/08\/PHOTO-2026-08-03-23-34-00-768x1024.jpg\" alt=\"\" class=\"wp-image-3483\" srcset=\"https:\/\/hannesriedzwei.sommercamp.berlin\/wp-content\/uploads\/2026\/08\/PHOTO-2026-08-03-23-34-00-768x1024.jpg 768w, https:\/\/hannesriedzwei.sommercamp.berlin\/wp-content\/uploads\/2026\/08\/PHOTO-2026-08-03-23-34-00-225x300.jpg 225w, https:\/\/hannesriedzwei.sommercamp.berlin\/wp-content\/uploads\/2026\/08\/PHOTO-2026-08-03-23-34-00-1152x1536.jpg 1152w, https:\/\/hannesriedzwei.sommercamp.berlin\/wp-content\/uploads\/2026\/08\/PHOTO-2026-08-03-23-34-00.jpg 1200w\" sizes=\"auto, (max-width: 767px) 89vw, (max-width: 1000px) 54vw, (max-width: 1071px) 543px, 580px\" \/><figcaption class=\"wp-element-caption\">Das ist jetzt mein Haus<\/figcaption><\/figure>\n\n\n\n<figure class=\"wp-block-image size-large\"><img loading=\"lazy\" decoding=\"async\" width=\"768\" height=\"1024\" data-id=\"3460\" src=\"https:\/\/hannesriedzwei.sommercamp.berlin\/wp-content\/uploads\/2026\/08\/PHOTO-2026-08-03-16-00-15-768x1024.jpg\" alt=\"\" class=\"wp-image-3460\" srcset=\"https:\/\/hannesriedzwei.sommercamp.berlin\/wp-content\/uploads\/2026\/08\/PHOTO-2026-08-03-16-00-15-768x1024.jpg 768w, https:\/\/hannesriedzwei.sommercamp.berlin\/wp-content\/uploads\/2026\/08\/PHOTO-2026-08-03-16-00-15-225x300.jpg 225w, https:\/\/hannesriedzwei.sommercamp.berlin\/wp-content\/uploads\/2026\/08\/PHOTO-2026-08-03-16-00-15-1152x1536.jpg 1152w, https:\/\/hannesriedzwei.sommercamp.berlin\/wp-content\/uploads\/2026\/08\/PHOTO-2026-08-03-16-00-15.jpg 1200w\" sizes=\"auto, (max-width: 767px) 89vw, (max-width: 1000px) 54vw, (max-width: 1071px) 543px, 580px\" \/><figcaption class=\"wp-element-caption\">Na gut dann bleiben wir drau\u00dfen<\/figcaption><\/figure>\n\n\n\n<figure class=\"wp-block-image size-large\"><img loading=\"lazy\" decoding=\"async\" width=\"768\" height=\"1024\" data-id=\"3482\" src=\"https:\/\/hannesriedzwei.sommercamp.berlin\/wp-content\/uploads\/2026\/08\/PHOTO-2026-08-03-23-34-00-2-768x1024.jpg\" alt=\"\" class=\"wp-image-3482\" srcset=\"https:\/\/hannesriedzwei.sommercamp.berlin\/wp-content\/uploads\/2026\/08\/PHOTO-2026-08-03-23-34-00-2-768x1024.jpg 768w, https:\/\/hannesriedzwei.sommercamp.berlin\/wp-content\/uploads\/2026\/08\/PHOTO-2026-08-03-23-34-00-2-225x300.jpg 225w, https:\/\/hannesriedzwei.sommercamp.berlin\/wp-content\/uploads\/2026\/08\/PHOTO-2026-08-03-23-34-00-2-1152x1536.jpg 1152w, https:\/\/hannesriedzwei.sommercamp.berlin\/wp-content\/uploads\/2026\/08\/PHOTO-2026-08-03-23-34-00-2.jpg 1200w\" sizes=\"auto, (max-width: 767px) 89vw, (max-width: 1000px) 54vw, (max-width: 1071px) 543px, 580px\" \/><figcaption class=\"wp-element-caption\">Hier ist es auch ganz gem\u00fctlich!<\/figcaption><\/figure>\n<\/figure>\n\n\n\n<figure class=\"wp-block-gallery has-nested-images columns-default is-cropped wp-block-gallery-3 is-layout-flex wp-block-gallery-is-layout-flex\">\n<figure class=\"wp-block-image size-large\"><img loading=\"lazy\" decoding=\"async\" width=\"768\" height=\"1024\" data-id=\"3478\" src=\"https:\/\/hannesriedzwei.sommercamp.berlin\/wp-content\/uploads\/2026\/08\/PHOTO-2026-08-03-20-23-17-768x1024.jpg\" alt=\"\" class=\"wp-image-3478\" srcset=\"https:\/\/hannesriedzwei.sommercamp.berlin\/wp-content\/uploads\/2026\/08\/PHOTO-2026-08-03-20-23-17-768x1024.jpg 768w, https:\/\/hannesriedzwei.sommercamp.berlin\/wp-content\/uploads\/2026\/08\/PHOTO-2026-08-03-20-23-17-225x300.jpg 225w, https:\/\/hannesriedzwei.sommercamp.berlin\/wp-content\/uploads\/2026\/08\/PHOTO-2026-08-03-20-23-17-1152x1536.jpg 1152w, https:\/\/hannesriedzwei.sommercamp.berlin\/wp-content\/uploads\/2026\/08\/PHOTO-2026-08-03-20-23-17.jpg 1200w\" sizes=\"auto, (max-width: 767px) 89vw, (max-width: 1000px) 54vw, (max-width: 1071px) 543px, 580px\" \/><figcaption class=\"wp-element-caption\">Poolnudel-Fechten<\/figcaption><\/figure>\n\n\n\n<figure class=\"wp-block-image size-large\"><img loading=\"lazy\" decoding=\"async\" width=\"768\" height=\"1024\" data-id=\"3477\" src=\"https:\/\/hannesriedzwei.sommercamp.berlin\/wp-content\/uploads\/2026\/08\/PHOTO-2026-08-03-20-23-17-2-768x1024.jpg\" alt=\"\" class=\"wp-image-3477\" srcset=\"https:\/\/hannesriedzwei.sommercamp.berlin\/wp-content\/uploads\/2026\/08\/PHOTO-2026-08-03-20-23-17-2-768x1024.jpg 768w, https:\/\/hannesriedzwei.sommercamp.berlin\/wp-content\/uploads\/2026\/08\/PHOTO-2026-08-03-20-23-17-2-225x300.jpg 225w, https:\/\/hannesriedzwei.sommercamp.berlin\/wp-content\/uploads\/2026\/08\/PHOTO-2026-08-03-20-23-17-2-1152x1536.jpg 1152w, https:\/\/hannesriedzwei.sommercamp.berlin\/wp-content\/uploads\/2026\/08\/PHOTO-2026-08-03-20-23-17-2.jpg 1200w\" sizes=\"auto, (max-width: 767px) 89vw, (max-width: 1000px) 54vw, (max-width: 1071px) 543px, 580px\" \/><figcaption class=\"wp-element-caption\">Poolnudel-Fechten<\/figcaption><\/figure>\n\n\n\n<figure class=\"wp-block-image size-large\"><img loading=\"lazy\" decoding=\"async\" width=\"768\" height=\"1024\" data-id=\"3473\" src=\"https:\/\/hannesriedzwei.sommercamp.berlin\/wp-content\/uploads\/2026\/08\/PHOTO-2026-08-03-20-03-27-6-768x1024.jpg\" alt=\"\" class=\"wp-image-3473\" srcset=\"https:\/\/hannesriedzwei.sommercamp.berlin\/wp-content\/uploads\/2026\/08\/PHOTO-2026-08-03-20-03-27-6-768x1024.jpg 768w, https:\/\/hannesriedzwei.sommercamp.berlin\/wp-content\/uploads\/2026\/08\/PHOTO-2026-08-03-20-03-27-6-225x300.jpg 225w, https:\/\/hannesriedzwei.sommercamp.berlin\/wp-content\/uploads\/2026\/08\/PHOTO-2026-08-03-20-03-27-6-1152x1536.jpg 1152w, https:\/\/hannesriedzwei.sommercamp.berlin\/wp-content\/uploads\/2026\/08\/PHOTO-2026-08-03-20-03-27-6.jpg 1536w\" sizes=\"auto, (max-width: 767px) 89vw, (max-width: 1000px) 54vw, (max-width: 1071px) 543px, 580px\" \/><\/figure>\n\n\n\n<figure class=\"wp-block-image size-large\"><img loading=\"lazy\" decoding=\"async\" width=\"768\" height=\"1024\" data-id=\"3471\" src=\"https:\/\/hannesriedzwei.sommercamp.berlin\/wp-content\/uploads\/2026\/08\/PHOTO-2026-08-03-20-03-27-4-768x1024.jpg\" alt=\"\" class=\"wp-image-3471\" srcset=\"https:\/\/hannesriedzwei.sommercamp.berlin\/wp-content\/uploads\/2026\/08\/PHOTO-2026-08-03-20-03-27-4-768x1024.jpg 768w, https:\/\/hannesriedzwei.sommercamp.berlin\/wp-content\/uploads\/2026\/08\/PHOTO-2026-08-03-20-03-27-4-225x300.jpg 225w, https:\/\/hannesriedzwei.sommercamp.berlin\/wp-content\/uploads\/2026\/08\/PHOTO-2026-08-03-20-03-27-4-1152x1536.jpg 1152w, https:\/\/hannesriedzwei.sommercamp.berlin\/wp-content\/uploads\/2026\/08\/PHOTO-2026-08-03-20-03-27-4.jpg 1536w\" sizes=\"auto, (max-width: 767px) 89vw, (max-width: 1000px) 54vw, (max-width: 1071px) 543px, 580px\" \/><\/figure>\n\n\n\n<figure class=\"wp-block-image size-large\"><img loading=\"lazy\" decoding=\"async\" width=\"768\" height=\"1024\" data-id=\"3474\" src=\"https:\/\/hannesriedzwei.sommercamp.berlin\/wp-content\/uploads\/2026\/08\/PHOTO-2026-08-03-20-03-27-768x1024.jpg\" alt=\"\" class=\"wp-image-3474\" srcset=\"https:\/\/hannesriedzwei.sommercamp.berlin\/wp-content\/uploads\/2026\/08\/PHOTO-2026-08-03-20-03-27-768x1024.jpg 768w, https:\/\/hannesriedzwei.sommercamp.berlin\/wp-content\/uploads\/2026\/08\/PHOTO-2026-08-03-20-03-27-225x300.jpg 225w, https:\/\/hannesriedzwei.sommercamp.berlin\/wp-content\/uploads\/2026\/08\/PHOTO-2026-08-03-20-03-27-1152x1536.jpg 1152w, https:\/\/hannesriedzwei.sommercamp.berlin\/wp-content\/uploads\/2026\/08\/PHOTO-2026-08-03-20-03-27.jpg 1536w\" sizes=\"auto, (max-width: 767px) 89vw, (max-width: 1000px) 54vw, (max-width: 1071px) 543px, 580px\" \/><\/figure>\n\n\n\n<figure class=\"wp-block-image size-large\"><img loading=\"lazy\" decoding=\"async\" width=\"768\" height=\"1024\" data-id=\"3485\" src=\"https:\/\/hannesriedzwei.sommercamp.berlin\/wp-content\/uploads\/2026\/08\/6e2e3658-173b-40ee-b207-aa16492551b3-768x1024.jpg\" alt=\"\" class=\"wp-image-3485\" srcset=\"https:\/\/hannesriedzwei.sommercamp.berlin\/wp-content\/uploads\/2026\/08\/6e2e3658-173b-40ee-b207-aa16492551b3-768x1024.jpg 768w, https:\/\/hannesriedzwei.sommercamp.berlin\/wp-content\/uploads\/2026\/08\/6e2e3658-173b-40ee-b207-aa16492551b3-225x300.jpg 225w, https:\/\/hannesriedzwei.sommercamp.berlin\/wp-content\/uploads\/2026\/08\/6e2e3658-173b-40ee-b207-aa16492551b3-1152x1536.jpg 1152w, https:\/\/hannesriedzwei.sommercamp.berlin\/wp-content\/uploads\/2026\/08\/6e2e3658-173b-40ee-b207-aa16492551b3.jpg 1536w\" sizes=\"auto, (max-width: 767px) 89vw, (max-width: 1000px) 54vw, (max-width: 1071px) 543px, 580px\" \/><\/figure>\n\n\n\n<figure class=\"wp-block-image size-large\"><img loading=\"lazy\" decoding=\"async\" width=\"768\" height=\"1024\" data-id=\"3470\" src=\"https:\/\/hannesriedzwei.sommercamp.berlin\/wp-content\/uploads\/2026\/08\/PHOTO-2026-08-03-20-03-27-3-768x1024.jpg\" alt=\"\" class=\"wp-image-3470\" srcset=\"https:\/\/hannesriedzwei.sommercamp.berlin\/wp-content\/uploads\/2026\/08\/PHOTO-2026-08-03-20-03-27-3-768x1024.jpg 768w, https:\/\/hannesriedzwei.sommercamp.berlin\/wp-content\/uploads\/2026\/08\/PHOTO-2026-08-03-20-03-27-3-225x300.jpg 225w, https:\/\/hannesriedzwei.sommercamp.berlin\/wp-content\/uploads\/2026\/08\/PHOTO-2026-08-03-20-03-27-3-1152x1536.jpg 1152w, https:\/\/hannesriedzwei.sommercamp.berlin\/wp-content\/uploads\/2026\/08\/PHOTO-2026-08-03-20-03-27-3.jpg 1536w\" sizes=\"auto, (max-width: 767px) 89vw, (max-width: 1000px) 54vw, (max-width: 1071px) 543px, 580px\" \/><figcaption class=\"wp-element-caption\">Nat\u00fcrlich gab es auch in diesem Jahr einen Fahnenappell <\/figcaption><\/figure>\n<\/figure>\n\n\n\n<figure class=\"wp-block-gallery has-nested-images columns-default is-cropped wp-block-gallery-4 is-layout-flex wp-block-gallery-is-layout-flex\">\n<figure class=\"wp-block-image size-large\"><img loading=\"lazy\" decoding=\"async\" width=\"768\" height=\"1024\" data-id=\"3467\" src=\"https:\/\/hannesriedzwei.sommercamp.berlin\/wp-content\/uploads\/2026\/08\/PHOTO-2026-08-03-20-03-26-2-768x1024.jpg\" alt=\"\" class=\"wp-image-3467\" srcset=\"https:\/\/hannesriedzwei.sommercamp.berlin\/wp-content\/uploads\/2026\/08\/PHOTO-2026-08-03-20-03-26-2-768x1024.jpg 768w, https:\/\/hannesriedzwei.sommercamp.berlin\/wp-content\/uploads\/2026\/08\/PHOTO-2026-08-03-20-03-26-2-225x300.jpg 225w, https:\/\/hannesriedzwei.sommercamp.berlin\/wp-content\/uploads\/2026\/08\/PHOTO-2026-08-03-20-03-26-2-1152x1536.jpg 1152w, https:\/\/hannesriedzwei.sommercamp.berlin\/wp-content\/uploads\/2026\/08\/PHOTO-2026-08-03-20-03-26-2.jpg 1536w\" sizes=\"auto, (max-width: 767px) 89vw, (max-width: 1000px) 54vw, (max-width: 1071px) 543px, 580px\" \/><figcaption class=\"wp-element-caption\">Abendessen<\/figcaption><\/figure>\n\n\n\n<figure class=\"wp-block-image size-large\"><img loading=\"lazy\" decoding=\"async\" width=\"768\" height=\"1024\" data-id=\"3457\" src=\"https:\/\/hannesriedzwei.sommercamp.berlin\/wp-content\/uploads\/2026\/08\/PHOTO-2026-08-03-16-00-15-5-768x1024.jpg\" alt=\"\" class=\"wp-image-3457\" srcset=\"https:\/\/hannesriedzwei.sommercamp.berlin\/wp-content\/uploads\/2026\/08\/PHOTO-2026-08-03-16-00-15-5-768x1024.jpg 768w, https:\/\/hannesriedzwei.sommercamp.berlin\/wp-content\/uploads\/2026\/08\/PHOTO-2026-08-03-16-00-15-5-225x300.jpg 225w, https:\/\/hannesriedzwei.sommercamp.berlin\/wp-content\/uploads\/2026\/08\/PHOTO-2026-08-03-16-00-15-5-1152x1536.jpg 1152w, https:\/\/hannesriedzwei.sommercamp.berlin\/wp-content\/uploads\/2026\/08\/PHOTO-2026-08-03-16-00-15-5.jpg 1200w\" sizes=\"auto, (max-width: 767px) 89vw, (max-width: 1000px) 54vw, (max-width: 1071px) 543px, 580px\" \/><figcaption class=\"wp-element-caption\">Curry mit Reis, Gem\u00fcse und Kokosmilch<\/figcaption><\/figure>\n\n\n\n<figure class=\"wp-block-image size-large\"><img loading=\"lazy\" decoding=\"async\" width=\"472\" height=\"1024\" data-id=\"3476\" src=\"https:\/\/hannesriedzwei.sommercamp.berlin\/wp-content\/uploads\/2026\/08\/PHOTO-2026-08-03-20-05-35-472x1024.jpg\" alt=\"\" class=\"wp-image-3476\" srcset=\"https:\/\/hannesriedzwei.sommercamp.berlin\/wp-content\/uploads\/2026\/08\/PHOTO-2026-08-03-20-05-35-472x1024.jpg 472w, https:\/\/hannesriedzwei.sommercamp.berlin\/wp-content\/uploads\/2026\/08\/PHOTO-2026-08-03-20-05-35-138x300.jpg 138w, https:\/\/hannesriedzwei.sommercamp.berlin\/wp-content\/uploads\/2026\/08\/PHOTO-2026-08-03-20-05-35-708x1536.jpg 708w, https:\/\/hannesriedzwei.sommercamp.berlin\/wp-content\/uploads\/2026\/08\/PHOTO-2026-08-03-20-05-35.jpg 738w\" sizes=\"auto, (max-width: 472px) 100vw, 472px\" \/><figcaption class=\"wp-element-caption\">Abendessen mit Resteverwertung <\/figcaption><\/figure>\n<\/figure>\n\n\n\n<figure class=\"wp-block-gallery has-nested-images columns-default is-cropped wp-block-gallery-5 is-layout-flex wp-block-gallery-is-layout-flex\">\n<figure class=\"wp-block-image size-large\"><img loading=\"lazy\" decoding=\"async\" width=\"768\" height=\"1024\" data-id=\"3459\" src=\"https:\/\/hannesriedzwei.sommercamp.berlin\/wp-content\/uploads\/2026\/08\/PHOTO-2026-08-03-16-00-15-7-768x1024.jpg\" alt=\"\" class=\"wp-image-3459\" srcset=\"https:\/\/hannesriedzwei.sommercamp.berlin\/wp-content\/uploads\/2026\/08\/PHOTO-2026-08-03-16-00-15-7-768x1024.jpg 768w, https:\/\/hannesriedzwei.sommercamp.berlin\/wp-content\/uploads\/2026\/08\/PHOTO-2026-08-03-16-00-15-7-225x300.jpg 225w, https:\/\/hannesriedzwei.sommercamp.berlin\/wp-content\/uploads\/2026\/08\/PHOTO-2026-08-03-16-00-15-7-1152x1536.jpg 1152w, https:\/\/hannesriedzwei.sommercamp.berlin\/wp-content\/uploads\/2026\/08\/PHOTO-2026-08-03-16-00-15-7.jpg 1200w\" sizes=\"auto, (max-width: 767px) 89vw, (max-width: 1000px) 54vw, (max-width: 1071px) 543px, 580px\" \/><\/figure>\n\n\n\n<figure class=\"wp-block-image size-large\"><img loading=\"lazy\" decoding=\"async\" width=\"768\" height=\"1024\" data-id=\"3461\" src=\"https:\/\/hannesriedzwei.sommercamp.berlin\/wp-content\/uploads\/2026\/08\/PHOTO-2026-08-03-16-00-37-768x1024.jpg\" alt=\"\" class=\"wp-image-3461\" srcset=\"https:\/\/hannesriedzwei.sommercamp.berlin\/wp-content\/uploads\/2026\/08\/PHOTO-2026-08-03-16-00-37-768x1024.jpg 768w, https:\/\/hannesriedzwei.sommercamp.berlin\/wp-content\/uploads\/2026\/08\/PHOTO-2026-08-03-16-00-37-225x300.jpg 225w, https:\/\/hannesriedzwei.sommercamp.berlin\/wp-content\/uploads\/2026\/08\/PHOTO-2026-08-03-16-00-37-1152x1536.jpg 1152w, https:\/\/hannesriedzwei.sommercamp.berlin\/wp-content\/uploads\/2026\/08\/PHOTO-2026-08-03-16-00-37.jpg 1200w\" sizes=\"auto, (max-width: 767px) 89vw, (max-width: 1000px) 54vw, (max-width: 1071px) 543px, 580px\" \/><\/figure>\n\n\n\n<figure class=\"wp-block-image size-large\"><img loading=\"lazy\" decoding=\"async\" width=\"768\" height=\"1024\" data-id=\"3468\" src=\"https:\/\/hannesriedzwei.sommercamp.berlin\/wp-content\/uploads\/2026\/08\/PHOTO-2026-08-03-20-03-26-768x1024.jpg\" alt=\"\" class=\"wp-image-3468\" srcset=\"https:\/\/hannesriedzwei.sommercamp.berlin\/wp-content\/uploads\/2026\/08\/PHOTO-2026-08-03-20-03-26-768x1024.jpg 768w, https:\/\/hannesriedzwei.sommercamp.berlin\/wp-content\/uploads\/2026\/08\/PHOTO-2026-08-03-20-03-26-225x300.jpg 225w, https:\/\/hannesriedzwei.sommercamp.berlin\/wp-content\/uploads\/2026\/08\/PHOTO-2026-08-03-20-03-26-1152x1536.jpg 1152w, https:\/\/hannesriedzwei.sommercamp.berlin\/wp-content\/uploads\/2026\/08\/PHOTO-2026-08-03-20-03-26.jpg 1536w\" sizes=\"auto, (max-width: 767px) 89vw, (max-width: 1000px) 54vw, (max-width: 1071px) 543px, 580px\" \/><\/figure>\n<\/figure>\n\n\n\n<figure class=\"wp-block-gallery has-nested-images columns-default is-cropped wp-block-gallery-6 is-layout-flex wp-block-gallery-is-layout-flex\">\n<figure class=\"wp-block-image size-large\"><img loading=\"lazy\" decoding=\"async\" width=\"768\" height=\"1024\" data-id=\"3462\" src=\"https:\/\/hannesriedzwei.sommercamp.berlin\/wp-content\/uploads\/2026\/08\/PHOTO-2026-08-03-17-05-31-2-768x1024.jpg\" alt=\"\" class=\"wp-image-3462\" srcset=\"https:\/\/hannesriedzwei.sommercamp.berlin\/wp-content\/uploads\/2026\/08\/PHOTO-2026-08-03-17-05-31-2-768x1024.jpg 768w, https:\/\/hannesriedzwei.sommercamp.berlin\/wp-content\/uploads\/2026\/08\/PHOTO-2026-08-03-17-05-31-2-225x300.jpg 225w, https:\/\/hannesriedzwei.sommercamp.berlin\/wp-content\/uploads\/2026\/08\/PHOTO-2026-08-03-17-05-31-2-1152x1536.jpg 1152w, https:\/\/hannesriedzwei.sommercamp.berlin\/wp-content\/uploads\/2026\/08\/PHOTO-2026-08-03-17-05-31-2.jpg 1200w\" sizes=\"auto, (max-width: 767px) 89vw, (max-width: 1000px) 54vw, (max-width: 1071px) 543px, 580px\" \/><\/figure>\n\n\n\n<figure class=\"wp-block-image size-large\"><img loading=\"lazy\" decoding=\"async\" width=\"768\" height=\"1024\" data-id=\"3464\" src=\"https:\/\/hannesriedzwei.sommercamp.berlin\/wp-content\/uploads\/2026\/08\/PHOTO-2026-08-03-17-05-31-4-768x1024.jpg\" alt=\"\" class=\"wp-image-3464\" srcset=\"https:\/\/hannesriedzwei.sommercamp.berlin\/wp-content\/uploads\/2026\/08\/PHOTO-2026-08-03-17-05-31-4-768x1024.jpg 768w, https:\/\/hannesriedzwei.sommercamp.berlin\/wp-content\/uploads\/2026\/08\/PHOTO-2026-08-03-17-05-31-4-225x300.jpg 225w, https:\/\/hannesriedzwei.sommercamp.berlin\/wp-content\/uploads\/2026\/08\/PHOTO-2026-08-03-17-05-31-4-1152x1536.jpg 1152w, https:\/\/hannesriedzwei.sommercamp.berlin\/wp-content\/uploads\/2026\/08\/PHOTO-2026-08-03-17-05-31-4.jpg 1200w\" sizes=\"auto, (max-width: 767px) 89vw, (max-width: 1000px) 54vw, (max-width: 1071px) 543px, 580px\" \/><\/figure>\n\n\n\n<figure class=\"wp-block-image size-large\"><img loading=\"lazy\" decoding=\"async\" width=\"768\" height=\"1024\" data-id=\"3465\" src=\"https:\/\/hannesriedzwei.sommercamp.berlin\/wp-content\/uploads\/2026\/08\/PHOTO-2026-08-03-17-05-31-768x1024.jpg\" alt=\"\" class=\"wp-image-3465\" srcset=\"https:\/\/hannesriedzwei.sommercamp.berlin\/wp-content\/uploads\/2026\/08\/PHOTO-2026-08-03-17-05-31-768x1024.jpg 768w, https:\/\/hannesriedzwei.sommercamp.berlin\/wp-content\/uploads\/2026\/08\/PHOTO-2026-08-03-17-05-31-225x300.jpg 225w, https:\/\/hannesriedzwei.sommercamp.berlin\/wp-content\/uploads\/2026\/08\/PHOTO-2026-08-03-17-05-31-1152x1536.jpg 1152w, https:\/\/hannesriedzwei.sommercamp.berlin\/wp-content\/uploads\/2026\/08\/PHOTO-2026-08-03-17-05-31.jpg 1200w\" sizes=\"auto, (max-width: 767px) 89vw, (max-width: 1000px) 54vw, (max-width: 1071px) 543px, 580px\" \/><\/figure>\n\n\n\n<figure class=\"wp-block-image size-large\"><img loading=\"lazy\" decoding=\"async\" width=\"576\" height=\"1024\" data-id=\"3466\" src=\"https:\/\/hannesriedzwei.sommercamp.berlin\/wp-content\/uploads\/2026\/08\/PHOTO-2026-08-03-17-05-57-576x1024.jpg\" alt=\"\" class=\"wp-image-3466\" srcset=\"https:\/\/hannesriedzwei.sommercamp.berlin\/wp-content\/uploads\/2026\/08\/PHOTO-2026-08-03-17-05-57-576x1024.jpg 576w, https:\/\/hannesriedzwei.sommercamp.berlin\/wp-content\/uploads\/2026\/08\/PHOTO-2026-08-03-17-05-57-169x300.jpg 169w, https:\/\/hannesriedzwei.sommercamp.berlin\/wp-content\/uploads\/2026\/08\/PHOTO-2026-08-03-17-05-57-768x1365.jpg 768w, https:\/\/hannesriedzwei.sommercamp.berlin\/wp-content\/uploads\/2026\/08\/PHOTO-2026-08-03-17-05-57-864x1536.jpg 864w, https:\/\/hannesriedzwei.sommercamp.berlin\/wp-content\/uploads\/2026\/08\/PHOTO-2026-08-03-17-05-57.jpg 1152w\" sizes=\"auto, (max-width: 576px) 100vw, 576px\" \/><\/figure>\n\n\n\n<figure class=\"wp-block-image size-large\"><img decoding=\"async\" data-id=\"3484\" src=\"https:\/\/hannesriedzwei.sommercamp.berlin\/wp-content\/uploads\/2026\/08\/IMG_7881.heic\" alt=\"\" class=\"wp-image-3484\"\/><\/figure>\n<\/figure>\n\n\n\n<p class=\"wp-block-paragraph\">Den letzten Part \u00fcbernehme dann doch nochmal ich, die Kinder sind n\u00e4mlich schon im Bett.  Eigentlich wurde aber auch schon alles gesagt und ich glaube die Bilder sprechen absolut f\u00fcr sich! <\/p>\n\n\n\n<p class=\"wp-block-paragraph\">Es war ein sehr sch\u00f6ner Tag mit verschiedensten Angeboten, unser AgentX Spiel neigt sich langsam auch dem Ende zu. Das ist ein Spiel, was am Sonntag angefangen hat. Es funktioniert so: Alle Kinder und Erwachsene ziehen jeweils einen Namen und m\u00fcssen die gezogene Person dann durch das direkte \u00dcbergeben eines Gegenstands eliminieren. Wenn ich also beispielsweise meiner Zielperson einen Ball in die Hand gebe und sie in diesem Moment nicht achtsam war und den Ball annimmt, dann ist sie eliminiert und \u00fcbergibt mir ihren Zettel, auf dem dann mein neues Ziel steht. Mittlerweile sind nicht mehr viele dabei, es ist also nur noch eine Frage der Zeit wer den Sieg als Super-Agent holen wird! <\/p>\n\n\n\n<p class=\"wp-block-paragraph\">Zum Abendprogramm gab es noch einen besonders speziellen Programmpunkt: Mithilfe einer Schwimmnudel wurden zwei Degen gebaut und es wurde ein Schwimmnudel-Fecht-Wettbewerb ausgerufen! Die ersten Runden fanden bereits statt, morgen geht es dann weiter! Um 21:30 wurden dann wie immer Z\u00e4hne geputzt, sodass die Kinder sp\u00e4testens um 22:00 im Bett waren.<\/p>\n\n\n\n<p class=\"wp-block-paragraph\">Liebe Gr\u00fc\u00dfe aus dem sonnigen Hannesried und bis morgen! <\/p>\n","protected":false},"excerpt":{"rendered":"<p>Liebe Eltern, in diesem Jahr wird der Blog nicht nur von uns Erwachsenen geschrieben, sondern die Kinder gestalten den Text sowie die Fotos mit uns gemeinsam! Das bedeutet, dass alle Fotos sowie auch der Text den ihr in den n\u00e4chsten Tagen lest, mit den Kindern gemeinsam verfasst wurde. Ihr k\u00f6nnt euch also auf spannende, lustige &hellip; <\/p>\n<p class=\"link-more\"><a href=\"https:\/\/hannesriedzwei.sommercamp.berlin\/?p=3452\" class=\"more-link\"><span class=\"screen-reader-text\">\u201eSpannender Montag I03.08.I\u201c <\/span>weiterlesen<\/a><\/p>\n","protected":false},"author":5,"featured_media":0,"comment_status":"open","ping_status":"","sticky":false,"template":"","format":"standard","meta":{"footnotes":""},"categories":[1],"tags":[],"class_list":["post-3452","post","type-post","status-publish","format-standard","hentry","category-uncategorized"],"_links":{"self":[{"href":"https:\/\/hannesriedzwei.sommercamp.berlin\/index.php?rest_route=\/wp\/v2\/posts\/3452","targetHints":{"allow":["GET"]}}],"collection":[{"href":"https:\/\/hannesriedzwei.sommercamp.berlin\/index.php?rest_route=\/wp\/v2\/posts"}],"about":[{"href":"https:\/\/hannesriedzwei.sommercamp.berlin\/index.php?rest_route=\/wp\/v2\/types\/post"}],"author":[{"embeddable":true,"href":"https:\/\/hannesriedzwei.sommercamp.berlin\/index.php?rest_route=\/wp\/v2\/users\/5"}],"replies":[{"embeddable":true,"href":"https:\/\/hannesriedzwei.sommercamp.berlin\/index.php?rest_route=%2Fwp%2Fv2%2Fcomments&post=3452"}],"version-history":[{"count":4,"href":"https:\/\/hannesriedzwei.sommercamp.berlin\/index.php?rest_route=\/wp\/v2\/posts\/3452\/revisions"}],"predecessor-version":[{"id":3643,"href":"https:\/\/hannesriedzwei.sommercamp.berlin\/index.php?rest_route=\/wp\/v2\/posts\/3452\/revisions\/3643"}],"wp:attachment":[{"href":"https:\/\/hannesriedzwei.sommercamp.berlin\/index.php?rest_route=%2Fwp%2Fv2%2Fmedia&parent=3452"}],"wp:term":[{"taxonomy":"category","embeddable":true,"href":"https:\/\/hannesriedzwei.sommercamp.berlin\/index.php?rest_route=%2Fwp%2Fv2%2Fcategories&post=3452"},{"taxonomy":"post_tag","embeddable":true,"href":"https:\/\/hannesriedzwei.sommercamp.berlin\/index.php?rest_route=%2Fwp%2Fv2%2Ftags&post=3452"}],"curies":[{"name":"wp","href":"https:\/\/api.w.org\/{rel}","templated":true}]}}