{"id":3572,"date":"2026-08-06T22:13:31","date_gmt":"2026-08-06T22:13:31","guid":{"rendered":"https:\/\/hannesriedzwei.sommercamp.berlin\/?p=3572"},"modified":"2026-08-08T18:15:29","modified_gmt":"2026-08-08T18:15:29","slug":"angenehmes-wetter-nicht-zu-heiss-und-nicht-zu-warm-zitat-i05-08-06-08-i","status":"publish","type":"post","link":"https:\/\/hannesriedzwei.sommercamp.berlin\/?p=3572","title":{"rendered":"Angenehmes Wetter &#8211; nicht zu hei\u00df und nicht zu warm &#8211; Zitat I05.08.\/06.08.I"},"content":{"rendered":"\n<figure class=\"wp-block-image size-full\"><img decoding=\"async\" src=\"https:\/\/hannesriedzwei.sommercamp.berlin\/wp-content\/uploads\/2026\/08\/IMG_7892.heic\" alt=\"\" class=\"wp-image-3573\"\/><figcaption class=\"wp-element-caption\">Tagesplan 05.08.<\/figcaption><\/figure>\n\n\n\n<figure class=\"wp-block-image size-full\"><img decoding=\"async\" src=\"https:\/\/hannesriedzwei.sommercamp.berlin\/wp-content\/uploads\/2026\/08\/IMG_7926.heic\" alt=\"\" class=\"wp-image-3574\"\/><figcaption class=\"wp-element-caption\">Tagesplan 06.08.<\/figcaption><\/figure>\n\n\n\n<p class=\"wp-block-paragraph\">Hallo Liebe Blogleser, wir hatten gestern sowie auch heute zwei sch\u00f6ne und angenehme Tage.<\/p>\n\n\n\n<figure class=\"wp-block-image size-large\"><img loading=\"lazy\" decoding=\"async\" width=\"1024\" height=\"768\" src=\"https:\/\/hannesriedzwei.sommercamp.berlin\/wp-content\/uploads\/2026\/08\/ae796a0b-8295-4ee1-881e-d52bdd3c4eb7-1024x768.jpg\" alt=\"\" class=\"wp-image-3635\" srcset=\"https:\/\/hannesriedzwei.sommercamp.berlin\/wp-content\/uploads\/2026\/08\/ae796a0b-8295-4ee1-881e-d52bdd3c4eb7-1024x768.jpg 1024w, https:\/\/hannesriedzwei.sommercamp.berlin\/wp-content\/uploads\/2026\/08\/ae796a0b-8295-4ee1-881e-d52bdd3c4eb7-300x225.jpg 300w, https:\/\/hannesriedzwei.sommercamp.berlin\/wp-content\/uploads\/2026\/08\/ae796a0b-8295-4ee1-881e-d52bdd3c4eb7-768x576.jpg 768w, https:\/\/hannesriedzwei.sommercamp.berlin\/wp-content\/uploads\/2026\/08\/ae796a0b-8295-4ee1-881e-d52bdd3c4eb7-1536x1152.jpg 1536w, https:\/\/hannesriedzwei.sommercamp.berlin\/wp-content\/uploads\/2026\/08\/ae796a0b-8295-4ee1-881e-d52bdd3c4eb7.jpg 1600w\" sizes=\"auto, (max-width: 767px) 89vw, (max-width: 1000px) 54vw, (max-width: 1071px) 543px, 580px\" \/><\/figure>\n\n\n\n<figure class=\"wp-block-gallery has-nested-images columns-default is-cropped wp-block-gallery-1 is-layout-flex wp-block-gallery-is-layout-flex\">\n<figure class=\"wp-block-image size-large\"><img loading=\"lazy\" decoding=\"async\" width=\"768\" height=\"1024\" data-id=\"3596\" src=\"https:\/\/hannesriedzwei.sommercamp.berlin\/wp-content\/uploads\/2026\/08\/PHOTO-2026-08-05-10-36-14-768x1024.jpg\" alt=\"\" class=\"wp-image-3596\" srcset=\"https:\/\/hannesriedzwei.sommercamp.berlin\/wp-content\/uploads\/2026\/08\/PHOTO-2026-08-05-10-36-14-768x1024.jpg 768w, https:\/\/hannesriedzwei.sommercamp.berlin\/wp-content\/uploads\/2026\/08\/PHOTO-2026-08-05-10-36-14-225x300.jpg 225w, https:\/\/hannesriedzwei.sommercamp.berlin\/wp-content\/uploads\/2026\/08\/PHOTO-2026-08-05-10-36-14-1152x1536.jpg 1152w, https:\/\/hannesriedzwei.sommercamp.berlin\/wp-content\/uploads\/2026\/08\/PHOTO-2026-08-05-10-36-14.jpg 1536w\" sizes=\"auto, (max-width: 767px) 89vw, (max-width: 1000px) 54vw, (max-width: 1071px) 543px, 580px\" \/><\/figure>\n\n\n\n<figure class=\"wp-block-image size-large\"><img loading=\"lazy\" decoding=\"async\" width=\"1024\" height=\"768\" data-id=\"3586\" src=\"https:\/\/hannesriedzwei.sommercamp.berlin\/wp-content\/uploads\/2026\/08\/PHOTO-2026-08-05-16-35-07-2-1024x768.jpg\" alt=\"\" class=\"wp-image-3586\" srcset=\"https:\/\/hannesriedzwei.sommercamp.berlin\/wp-content\/uploads\/2026\/08\/PHOTO-2026-08-05-16-35-07-2-1024x768.jpg 1024w, https:\/\/hannesriedzwei.sommercamp.berlin\/wp-content\/uploads\/2026\/08\/PHOTO-2026-08-05-16-35-07-2-300x225.jpg 300w, https:\/\/hannesriedzwei.sommercamp.berlin\/wp-content\/uploads\/2026\/08\/PHOTO-2026-08-05-16-35-07-2-768x576.jpg 768w, https:\/\/hannesriedzwei.sommercamp.berlin\/wp-content\/uploads\/2026\/08\/PHOTO-2026-08-05-16-35-07-2-1536x1152.jpg 1536w, https:\/\/hannesriedzwei.sommercamp.berlin\/wp-content\/uploads\/2026\/08\/PHOTO-2026-08-05-16-35-07-2.jpg 2048w\" sizes=\"auto, (max-width: 767px) 89vw, (max-width: 1000px) 54vw, (max-width: 1071px) 543px, 580px\" \/><\/figure>\n<\/figure>\n\n\n\n<figure class=\"wp-block-gallery has-nested-images columns-default is-cropped wp-block-gallery-2 is-layout-flex wp-block-gallery-is-layout-flex\">\n<figure class=\"wp-block-image size-large\"><img loading=\"lazy\" decoding=\"async\" width=\"768\" height=\"1024\" data-id=\"3580\" src=\"https:\/\/hannesriedzwei.sommercamp.berlin\/wp-content\/uploads\/2026\/08\/PHOTO-2026-08-06-00-18-18-3-768x1024.jpg\" alt=\"\" class=\"wp-image-3580\" srcset=\"https:\/\/hannesriedzwei.sommercamp.berlin\/wp-content\/uploads\/2026\/08\/PHOTO-2026-08-06-00-18-18-3-768x1024.jpg 768w, https:\/\/hannesriedzwei.sommercamp.berlin\/wp-content\/uploads\/2026\/08\/PHOTO-2026-08-06-00-18-18-3-225x300.jpg 225w, https:\/\/hannesriedzwei.sommercamp.berlin\/wp-content\/uploads\/2026\/08\/PHOTO-2026-08-06-00-18-18-3-1152x1536.jpg 1152w, https:\/\/hannesriedzwei.sommercamp.berlin\/wp-content\/uploads\/2026\/08\/PHOTO-2026-08-06-00-18-18-3.jpg 1200w\" sizes=\"auto, (max-width: 767px) 89vw, (max-width: 1000px) 54vw, (max-width: 1071px) 543px, 580px\" \/><\/figure>\n\n\n\n<figure class=\"wp-block-image size-large\"><img loading=\"lazy\" decoding=\"async\" width=\"1024\" height=\"461\" data-id=\"3579\" src=\"https:\/\/hannesriedzwei.sommercamp.berlin\/wp-content\/uploads\/2026\/08\/PHOTO-2026-08-05-12-29-35-1024x461.jpg\" alt=\"\" class=\"wp-image-3579\" srcset=\"https:\/\/hannesriedzwei.sommercamp.berlin\/wp-content\/uploads\/2026\/08\/PHOTO-2026-08-05-12-29-35-1024x461.jpg 1024w, https:\/\/hannesriedzwei.sommercamp.berlin\/wp-content\/uploads\/2026\/08\/PHOTO-2026-08-05-12-29-35-300x135.jpg 300w, https:\/\/hannesriedzwei.sommercamp.berlin\/wp-content\/uploads\/2026\/08\/PHOTO-2026-08-05-12-29-35-768x346.jpg 768w, https:\/\/hannesriedzwei.sommercamp.berlin\/wp-content\/uploads\/2026\/08\/PHOTO-2026-08-05-12-29-35-1536x691.jpg 1536w, https:\/\/hannesriedzwei.sommercamp.berlin\/wp-content\/uploads\/2026\/08\/PHOTO-2026-08-05-12-29-35.jpg 2040w\" sizes=\"auto, (max-width: 767px) 89vw, (max-width: 1000px) 54vw, (max-width: 1071px) 543px, 580px\" \/><\/figure>\n\n\n\n<figure class=\"wp-block-image size-large\"><img decoding=\"async\" data-id=\"3576\" src=\"https:\/\/hannesriedzwei.sommercamp.berlin\/wp-content\/uploads\/2026\/08\/IMG_7920.heic\" alt=\"\" class=\"wp-image-3576\"\/><\/figure>\n<\/figure>\n\n\n\n<figure class=\"wp-block-image size-large\"><img loading=\"lazy\" decoding=\"async\" width=\"768\" height=\"1024\" src=\"https:\/\/hannesriedzwei.sommercamp.berlin\/wp-content\/uploads\/2026\/08\/PHOTO-2026-08-06-19-30-48-768x1024.jpg\" alt=\"\" class=\"wp-image-3617\" srcset=\"https:\/\/hannesriedzwei.sommercamp.berlin\/wp-content\/uploads\/2026\/08\/PHOTO-2026-08-06-19-30-48-768x1024.jpg 768w, https:\/\/hannesriedzwei.sommercamp.berlin\/wp-content\/uploads\/2026\/08\/PHOTO-2026-08-06-19-30-48-225x300.jpg 225w, https:\/\/hannesriedzwei.sommercamp.berlin\/wp-content\/uploads\/2026\/08\/PHOTO-2026-08-06-19-30-48-1152x1536.jpg 1152w, https:\/\/hannesriedzwei.sommercamp.berlin\/wp-content\/uploads\/2026\/08\/PHOTO-2026-08-06-19-30-48.jpg 1200w\" sizes=\"auto, (max-width: 767px) 89vw, (max-width: 1000px) 54vw, (max-width: 1071px) 543px, 580px\" \/><\/figure>\n\n\n\n<figure class=\"wp-block-gallery has-nested-images columns-default is-cropped wp-block-gallery-3 is-layout-flex wp-block-gallery-is-layout-flex\">\n<figure class=\"wp-block-image size-large\"><img loading=\"lazy\" decoding=\"async\" width=\"768\" height=\"1024\" data-id=\"3597\" src=\"https:\/\/hannesriedzwei.sommercamp.berlin\/wp-content\/uploads\/2026\/08\/PHOTO-2026-08-05-16-52-19-6-768x1024.jpg\" alt=\"\" class=\"wp-image-3597\" srcset=\"https:\/\/hannesriedzwei.sommercamp.berlin\/wp-content\/uploads\/2026\/08\/PHOTO-2026-08-05-16-52-19-6-768x1024.jpg 768w, https:\/\/hannesriedzwei.sommercamp.berlin\/wp-content\/uploads\/2026\/08\/PHOTO-2026-08-05-16-52-19-6-225x300.jpg 225w, https:\/\/hannesriedzwei.sommercamp.berlin\/wp-content\/uploads\/2026\/08\/PHOTO-2026-08-05-16-52-19-6-1152x1536.jpg 1152w, https:\/\/hannesriedzwei.sommercamp.berlin\/wp-content\/uploads\/2026\/08\/PHOTO-2026-08-05-16-52-19-6.jpg 1536w\" sizes=\"auto, (max-width: 767px) 89vw, (max-width: 1000px) 54vw, (max-width: 1071px) 543px, 580px\" \/><\/figure>\n\n\n\n<figure class=\"wp-block-image size-large\"><img loading=\"lazy\" decoding=\"async\" width=\"768\" height=\"1024\" data-id=\"3607\" src=\"https:\/\/hannesriedzwei.sommercamp.berlin\/wp-content\/uploads\/2026\/08\/PHOTO-2026-08-05-16-52-19-768x1024.jpg\" alt=\"\" class=\"wp-image-3607\" srcset=\"https:\/\/hannesriedzwei.sommercamp.berlin\/wp-content\/uploads\/2026\/08\/PHOTO-2026-08-05-16-52-19-768x1024.jpg 768w, https:\/\/hannesriedzwei.sommercamp.berlin\/wp-content\/uploads\/2026\/08\/PHOTO-2026-08-05-16-52-19-225x300.jpg 225w, https:\/\/hannesriedzwei.sommercamp.berlin\/wp-content\/uploads\/2026\/08\/PHOTO-2026-08-05-16-52-19-1152x1536.jpg 1152w, https:\/\/hannesriedzwei.sommercamp.berlin\/wp-content\/uploads\/2026\/08\/PHOTO-2026-08-05-16-52-19.jpg 1536w\" sizes=\"auto, (max-width: 767px) 89vw, (max-width: 1000px) 54vw, (max-width: 1071px) 543px, 580px\" \/><\/figure>\n\n\n\n<figure class=\"wp-block-image size-large\"><img loading=\"lazy\" decoding=\"async\" width=\"768\" height=\"1024\" data-id=\"3601\" src=\"https:\/\/hannesriedzwei.sommercamp.berlin\/wp-content\/uploads\/2026\/08\/PHOTO-2026-08-05-16-52-20-3-768x1024.jpg\" alt=\"\" class=\"wp-image-3601\" srcset=\"https:\/\/hannesriedzwei.sommercamp.berlin\/wp-content\/uploads\/2026\/08\/PHOTO-2026-08-05-16-52-20-3-768x1024.jpg 768w, https:\/\/hannesriedzwei.sommercamp.berlin\/wp-content\/uploads\/2026\/08\/PHOTO-2026-08-05-16-52-20-3-225x300.jpg 225w, https:\/\/hannesriedzwei.sommercamp.berlin\/wp-content\/uploads\/2026\/08\/PHOTO-2026-08-05-16-52-20-3-1152x1536.jpg 1152w, https:\/\/hannesriedzwei.sommercamp.berlin\/wp-content\/uploads\/2026\/08\/PHOTO-2026-08-05-16-52-20-3.jpg 1536w\" sizes=\"auto, (max-width: 767px) 89vw, (max-width: 1000px) 54vw, (max-width: 1071px) 543px, 580px\" \/><\/figure>\n\n\n\n<figure class=\"wp-block-image size-large\"><img loading=\"lazy\" decoding=\"async\" width=\"768\" height=\"1024\" data-id=\"3599\" src=\"https:\/\/hannesriedzwei.sommercamp.berlin\/wp-content\/uploads\/2026\/08\/PHOTO-2026-08-05-16-52-20-4-768x1024.jpg\" alt=\"\" class=\"wp-image-3599\" srcset=\"https:\/\/hannesriedzwei.sommercamp.berlin\/wp-content\/uploads\/2026\/08\/PHOTO-2026-08-05-16-52-20-4-768x1024.jpg 768w, https:\/\/hannesriedzwei.sommercamp.berlin\/wp-content\/uploads\/2026\/08\/PHOTO-2026-08-05-16-52-20-4-225x300.jpg 225w, https:\/\/hannesriedzwei.sommercamp.berlin\/wp-content\/uploads\/2026\/08\/PHOTO-2026-08-05-16-52-20-4-1152x1536.jpg 1152w, https:\/\/hannesriedzwei.sommercamp.berlin\/wp-content\/uploads\/2026\/08\/PHOTO-2026-08-05-16-52-20-4.jpg 1536w\" sizes=\"auto, (max-width: 767px) 89vw, (max-width: 1000px) 54vw, (max-width: 1071px) 543px, 580px\" \/><\/figure>\n\n\n\n<figure class=\"wp-block-image size-large\"><img loading=\"lazy\" decoding=\"async\" width=\"768\" height=\"1024\" data-id=\"3604\" src=\"https:\/\/hannesriedzwei.sommercamp.berlin\/wp-content\/uploads\/2026\/08\/PHOTO-2026-08-05-16-52-20-768x1024.jpg\" alt=\"\" class=\"wp-image-3604\" srcset=\"https:\/\/hannesriedzwei.sommercamp.berlin\/wp-content\/uploads\/2026\/08\/PHOTO-2026-08-05-16-52-20-768x1024.jpg 768w, https:\/\/hannesriedzwei.sommercamp.berlin\/wp-content\/uploads\/2026\/08\/PHOTO-2026-08-05-16-52-20-225x300.jpg 225w, https:\/\/hannesriedzwei.sommercamp.berlin\/wp-content\/uploads\/2026\/08\/PHOTO-2026-08-05-16-52-20-1152x1536.jpg 1152w, https:\/\/hannesriedzwei.sommercamp.berlin\/wp-content\/uploads\/2026\/08\/PHOTO-2026-08-05-16-52-20.jpg 1536w\" sizes=\"auto, (max-width: 767px) 89vw, (max-width: 1000px) 54vw, (max-width: 1071px) 543px, 580px\" \/><\/figure>\n\n\n\n<figure class=\"wp-block-image size-large\"><img loading=\"lazy\" decoding=\"async\" width=\"768\" height=\"1024\" data-id=\"3603\" src=\"https:\/\/hannesriedzwei.sommercamp.berlin\/wp-content\/uploads\/2026\/08\/PHOTO-2026-08-05-16-52-20-2-768x1024.jpg\" alt=\"\" class=\"wp-image-3603\" srcset=\"https:\/\/hannesriedzwei.sommercamp.berlin\/wp-content\/uploads\/2026\/08\/PHOTO-2026-08-05-16-52-20-2-768x1024.jpg 768w, https:\/\/hannesriedzwei.sommercamp.berlin\/wp-content\/uploads\/2026\/08\/PHOTO-2026-08-05-16-52-20-2-225x300.jpg 225w, https:\/\/hannesriedzwei.sommercamp.berlin\/wp-content\/uploads\/2026\/08\/PHOTO-2026-08-05-16-52-20-2-1152x1536.jpg 1152w, https:\/\/hannesriedzwei.sommercamp.berlin\/wp-content\/uploads\/2026\/08\/PHOTO-2026-08-05-16-52-20-2.jpg 1536w\" sizes=\"auto, (max-width: 767px) 89vw, (max-width: 1000px) 54vw, (max-width: 1071px) 543px, 580px\" \/><\/figure>\n\n\n\n<figure class=\"wp-block-image size-large\"><img loading=\"lazy\" decoding=\"async\" width=\"1024\" height=\"768\" data-id=\"3605\" src=\"https:\/\/hannesriedzwei.sommercamp.berlin\/wp-content\/uploads\/2026\/08\/PHOTO-2026-08-05-16-52-19-3-1024x768.jpg\" alt=\"\" class=\"wp-image-3605\" srcset=\"https:\/\/hannesriedzwei.sommercamp.berlin\/wp-content\/uploads\/2026\/08\/PHOTO-2026-08-05-16-52-19-3-1024x768.jpg 1024w, https:\/\/hannesriedzwei.sommercamp.berlin\/wp-content\/uploads\/2026\/08\/PHOTO-2026-08-05-16-52-19-3-300x225.jpg 300w, https:\/\/hannesriedzwei.sommercamp.berlin\/wp-content\/uploads\/2026\/08\/PHOTO-2026-08-05-16-52-19-3-768x576.jpg 768w, https:\/\/hannesriedzwei.sommercamp.berlin\/wp-content\/uploads\/2026\/08\/PHOTO-2026-08-05-16-52-19-3-1536x1152.jpg 1536w, https:\/\/hannesriedzwei.sommercamp.berlin\/wp-content\/uploads\/2026\/08\/PHOTO-2026-08-05-16-52-19-3.jpg 2048w\" sizes=\"auto, (max-width: 767px) 89vw, (max-width: 1000px) 54vw, (max-width: 1071px) 543px, 580px\" \/><\/figure>\n\n\n\n<figure class=\"wp-block-image size-large\"><img loading=\"lazy\" decoding=\"async\" width=\"768\" height=\"1024\" data-id=\"3600\" src=\"https:\/\/hannesriedzwei.sommercamp.berlin\/wp-content\/uploads\/2026\/08\/PHOTO-2026-08-05-16-52-19-5-768x1024.jpg\" alt=\"\" class=\"wp-image-3600\" srcset=\"https:\/\/hannesriedzwei.sommercamp.berlin\/wp-content\/uploads\/2026\/08\/PHOTO-2026-08-05-16-52-19-5-768x1024.jpg 768w, https:\/\/hannesriedzwei.sommercamp.berlin\/wp-content\/uploads\/2026\/08\/PHOTO-2026-08-05-16-52-19-5-225x300.jpg 225w, https:\/\/hannesriedzwei.sommercamp.berlin\/wp-content\/uploads\/2026\/08\/PHOTO-2026-08-05-16-52-19-5-1152x1536.jpg 1152w, https:\/\/hannesriedzwei.sommercamp.berlin\/wp-content\/uploads\/2026\/08\/PHOTO-2026-08-05-16-52-19-5.jpg 1536w\" sizes=\"auto, (max-width: 767px) 89vw, (max-width: 1000px) 54vw, (max-width: 1071px) 543px, 580px\" \/><\/figure>\n\n\n\n<figure class=\"wp-block-image size-large\"><img loading=\"lazy\" decoding=\"async\" width=\"768\" height=\"1024\" data-id=\"3606\" src=\"https:\/\/hannesriedzwei.sommercamp.berlin\/wp-content\/uploads\/2026\/08\/PHOTO-2026-08-05-16-52-19-2-768x1024.jpg\" alt=\"\" class=\"wp-image-3606\" srcset=\"https:\/\/hannesriedzwei.sommercamp.berlin\/wp-content\/uploads\/2026\/08\/PHOTO-2026-08-05-16-52-19-2-768x1024.jpg 768w, https:\/\/hannesriedzwei.sommercamp.berlin\/wp-content\/uploads\/2026\/08\/PHOTO-2026-08-05-16-52-19-2-225x300.jpg 225w, https:\/\/hannesriedzwei.sommercamp.berlin\/wp-content\/uploads\/2026\/08\/PHOTO-2026-08-05-16-52-19-2-1152x1536.jpg 1152w, https:\/\/hannesriedzwei.sommercamp.berlin\/wp-content\/uploads\/2026\/08\/PHOTO-2026-08-05-16-52-19-2.jpg 1536w\" sizes=\"auto, (max-width: 767px) 89vw, (max-width: 1000px) 54vw, (max-width: 1071px) 543px, 580px\" \/><\/figure>\n\n\n\n<figure class=\"wp-block-image size-large\"><img loading=\"lazy\" decoding=\"async\" width=\"768\" height=\"1024\" data-id=\"3602\" src=\"https:\/\/hannesriedzwei.sommercamp.berlin\/wp-content\/uploads\/2026\/08\/PHOTO-2026-08-05-16-52-19-4-768x1024.jpg\" alt=\"\" class=\"wp-image-3602\" srcset=\"https:\/\/hannesriedzwei.sommercamp.berlin\/wp-content\/uploads\/2026\/08\/PHOTO-2026-08-05-16-52-19-4-768x1024.jpg 768w, https:\/\/hannesriedzwei.sommercamp.berlin\/wp-content\/uploads\/2026\/08\/PHOTO-2026-08-05-16-52-19-4-225x300.jpg 225w, https:\/\/hannesriedzwei.sommercamp.berlin\/wp-content\/uploads\/2026\/08\/PHOTO-2026-08-05-16-52-19-4-1152x1536.jpg 1152w, https:\/\/hannesriedzwei.sommercamp.berlin\/wp-content\/uploads\/2026\/08\/PHOTO-2026-08-05-16-52-19-4.jpg 1536w\" sizes=\"auto, (max-width: 767px) 89vw, (max-width: 1000px) 54vw, (max-width: 1071px) 543px, 580px\" \/><\/figure>\n\n\n\n<figure class=\"wp-block-image size-large\"><img loading=\"lazy\" decoding=\"async\" width=\"1024\" height=\"768\" data-id=\"3584\" src=\"https:\/\/hannesriedzwei.sommercamp.berlin\/wp-content\/uploads\/2026\/08\/PHOTO-2026-08-05-16-35-07-4-1024x768.jpg\" alt=\"\" class=\"wp-image-3584\" srcset=\"https:\/\/hannesriedzwei.sommercamp.berlin\/wp-content\/uploads\/2026\/08\/PHOTO-2026-08-05-16-35-07-4-1024x768.jpg 1024w, https:\/\/hannesriedzwei.sommercamp.berlin\/wp-content\/uploads\/2026\/08\/PHOTO-2026-08-05-16-35-07-4-300x225.jpg 300w, https:\/\/hannesriedzwei.sommercamp.berlin\/wp-content\/uploads\/2026\/08\/PHOTO-2026-08-05-16-35-07-4-768x576.jpg 768w, https:\/\/hannesriedzwei.sommercamp.berlin\/wp-content\/uploads\/2026\/08\/PHOTO-2026-08-05-16-35-07-4-1536x1152.jpg 1536w, https:\/\/hannesriedzwei.sommercamp.berlin\/wp-content\/uploads\/2026\/08\/PHOTO-2026-08-05-16-35-07-4.jpg 2048w\" sizes=\"auto, (max-width: 767px) 89vw, (max-width: 1000px) 54vw, (max-width: 1071px) 543px, 580px\" \/><\/figure>\n<\/figure>\n\n\n\n<figure class=\"wp-block-gallery has-nested-images columns-default is-cropped wp-block-gallery-4 is-layout-flex wp-block-gallery-is-layout-flex\">\n<figure class=\"wp-block-image size-large\"><img loading=\"lazy\" decoding=\"async\" width=\"768\" height=\"1024\" data-id=\"3581\" src=\"https:\/\/hannesriedzwei.sommercamp.berlin\/wp-content\/uploads\/2026\/08\/PHOTO-2026-08-06-00-18-18-2-768x1024.jpg\" alt=\"\" class=\"wp-image-3581\" srcset=\"https:\/\/hannesriedzwei.sommercamp.berlin\/wp-content\/uploads\/2026\/08\/PHOTO-2026-08-06-00-18-18-2-768x1024.jpg 768w, https:\/\/hannesriedzwei.sommercamp.berlin\/wp-content\/uploads\/2026\/08\/PHOTO-2026-08-06-00-18-18-2-225x300.jpg 225w, https:\/\/hannesriedzwei.sommercamp.berlin\/wp-content\/uploads\/2026\/08\/PHOTO-2026-08-06-00-18-18-2-1152x1536.jpg 1152w, https:\/\/hannesriedzwei.sommercamp.berlin\/wp-content\/uploads\/2026\/08\/PHOTO-2026-08-06-00-18-18-2.jpg 1200w\" sizes=\"auto, (max-width: 767px) 89vw, (max-width: 1000px) 54vw, (max-width: 1071px) 543px, 580px\" \/><\/figure>\n\n\n\n<figure class=\"wp-block-image size-large\"><img loading=\"lazy\" decoding=\"async\" width=\"576\" height=\"1024\" data-id=\"3583\" src=\"https:\/\/hannesriedzwei.sommercamp.berlin\/wp-content\/uploads\/2026\/08\/PHOTO-2026-08-05-13-51-28-576x1024.jpg\" alt=\"\" class=\"wp-image-3583\" srcset=\"https:\/\/hannesriedzwei.sommercamp.berlin\/wp-content\/uploads\/2026\/08\/PHOTO-2026-08-05-13-51-28-576x1024.jpg 576w, https:\/\/hannesriedzwei.sommercamp.berlin\/wp-content\/uploads\/2026\/08\/PHOTO-2026-08-05-13-51-28-169x300.jpg 169w, https:\/\/hannesriedzwei.sommercamp.berlin\/wp-content\/uploads\/2026\/08\/PHOTO-2026-08-05-13-51-28-768x1365.jpg 768w, https:\/\/hannesriedzwei.sommercamp.berlin\/wp-content\/uploads\/2026\/08\/PHOTO-2026-08-05-13-51-28-864x1536.jpg 864w, https:\/\/hannesriedzwei.sommercamp.berlin\/wp-content\/uploads\/2026\/08\/PHOTO-2026-08-05-13-51-28.jpg 1080w\" sizes=\"auto, (max-width: 576px) 100vw, 576px\" \/><\/figure>\n\n\n\n<figure class=\"wp-block-image size-large\"><img loading=\"lazy\" decoding=\"async\" width=\"1024\" height=\"768\" data-id=\"3619\" src=\"https:\/\/hannesriedzwei.sommercamp.berlin\/wp-content\/uploads\/2026\/08\/PHOTO-2026-08-06-17-18-39-4-1024x768.jpg\" alt=\"\" class=\"wp-image-3619\" srcset=\"https:\/\/hannesriedzwei.sommercamp.berlin\/wp-content\/uploads\/2026\/08\/PHOTO-2026-08-06-17-18-39-4-1024x768.jpg 1024w, https:\/\/hannesriedzwei.sommercamp.berlin\/wp-content\/uploads\/2026\/08\/PHOTO-2026-08-06-17-18-39-4-300x225.jpg 300w, https:\/\/hannesriedzwei.sommercamp.berlin\/wp-content\/uploads\/2026\/08\/PHOTO-2026-08-06-17-18-39-4-768x576.jpg 768w, https:\/\/hannesriedzwei.sommercamp.berlin\/wp-content\/uploads\/2026\/08\/PHOTO-2026-08-06-17-18-39-4-1536x1152.jpg 1536w, https:\/\/hannesriedzwei.sommercamp.berlin\/wp-content\/uploads\/2026\/08\/PHOTO-2026-08-06-17-18-39-4.jpg 1600w\" sizes=\"auto, (max-width: 767px) 89vw, (max-width: 1000px) 54vw, (max-width: 1071px) 543px, 580px\" \/><\/figure>\n\n\n\n<figure class=\"wp-block-image size-large\"><img loading=\"lazy\" decoding=\"async\" width=\"768\" height=\"1024\" data-id=\"3622\" src=\"https:\/\/hannesriedzwei.sommercamp.berlin\/wp-content\/uploads\/2026\/08\/PHOTO-2026-08-06-17-18-39-768x1024.jpg\" alt=\"\" class=\"wp-image-3622\" srcset=\"https:\/\/hannesriedzwei.sommercamp.berlin\/wp-content\/uploads\/2026\/08\/PHOTO-2026-08-06-17-18-39-768x1024.jpg 768w, https:\/\/hannesriedzwei.sommercamp.berlin\/wp-content\/uploads\/2026\/08\/PHOTO-2026-08-06-17-18-39-225x300.jpg 225w, https:\/\/hannesriedzwei.sommercamp.berlin\/wp-content\/uploads\/2026\/08\/PHOTO-2026-08-06-17-18-39-1152x1536.jpg 1152w, https:\/\/hannesriedzwei.sommercamp.berlin\/wp-content\/uploads\/2026\/08\/PHOTO-2026-08-06-17-18-39.jpg 1200w\" sizes=\"auto, (max-width: 767px) 89vw, (max-width: 1000px) 54vw, (max-width: 1071px) 543px, 580px\" \/><\/figure>\n<\/figure>\n\n\n\n<figure class=\"wp-block-gallery has-nested-images columns-default is-cropped wp-block-gallery-5 is-layout-flex wp-block-gallery-is-layout-flex\">\n<figure class=\"wp-block-image size-large\"><img loading=\"lazy\" decoding=\"async\" width=\"1024\" height=\"768\" data-id=\"3588\" src=\"https:\/\/hannesriedzwei.sommercamp.berlin\/wp-content\/uploads\/2026\/08\/PHOTO-2026-08-05-14-50-40-5-1024x768.jpg\" alt=\"\" class=\"wp-image-3588\" srcset=\"https:\/\/hannesriedzwei.sommercamp.berlin\/wp-content\/uploads\/2026\/08\/PHOTO-2026-08-05-14-50-40-5-1024x768.jpg 1024w, https:\/\/hannesriedzwei.sommercamp.berlin\/wp-content\/uploads\/2026\/08\/PHOTO-2026-08-05-14-50-40-5-300x225.jpg 300w, https:\/\/hannesriedzwei.sommercamp.berlin\/wp-content\/uploads\/2026\/08\/PHOTO-2026-08-05-14-50-40-5-768x576.jpg 768w, https:\/\/hannesriedzwei.sommercamp.berlin\/wp-content\/uploads\/2026\/08\/PHOTO-2026-08-05-14-50-40-5-1536x1152.jpg 1536w, https:\/\/hannesriedzwei.sommercamp.berlin\/wp-content\/uploads\/2026\/08\/PHOTO-2026-08-05-14-50-40-5.jpg 1600w\" sizes=\"auto, (max-width: 767px) 89vw, (max-width: 1000px) 54vw, (max-width: 1071px) 543px, 580px\" \/><figcaption class=\"wp-element-caption\">Kuckuck<\/figcaption><\/figure>\n\n\n\n<figure class=\"wp-block-image size-large\"><img loading=\"lazy\" decoding=\"async\" width=\"1024\" height=\"768\" data-id=\"3595\" src=\"https:\/\/hannesriedzwei.sommercamp.berlin\/wp-content\/uploads\/2026\/08\/PHOTO-2026-08-05-14-50-40-1024x768.jpg\" alt=\"\" class=\"wp-image-3595\" srcset=\"https:\/\/hannesriedzwei.sommercamp.berlin\/wp-content\/uploads\/2026\/08\/PHOTO-2026-08-05-14-50-40-1024x768.jpg 1024w, https:\/\/hannesriedzwei.sommercamp.berlin\/wp-content\/uploads\/2026\/08\/PHOTO-2026-08-05-14-50-40-300x225.jpg 300w, https:\/\/hannesriedzwei.sommercamp.berlin\/wp-content\/uploads\/2026\/08\/PHOTO-2026-08-05-14-50-40-768x576.jpg 768w, https:\/\/hannesriedzwei.sommercamp.berlin\/wp-content\/uploads\/2026\/08\/PHOTO-2026-08-05-14-50-40-1536x1152.jpg 1536w, https:\/\/hannesriedzwei.sommercamp.berlin\/wp-content\/uploads\/2026\/08\/PHOTO-2026-08-05-14-50-40.jpg 1600w\" sizes=\"auto, (max-width: 767px) 89vw, (max-width: 1000px) 54vw, (max-width: 1071px) 543px, 580px\" \/><\/figure>\n<\/figure>\n\n\n\n<figure class=\"wp-block-gallery has-nested-images columns-default is-cropped wp-block-gallery-6 is-layout-flex wp-block-gallery-is-layout-flex\">\n<figure class=\"wp-block-image size-large\"><img loading=\"lazy\" decoding=\"async\" width=\"768\" height=\"1024\" data-id=\"3620\" src=\"https:\/\/hannesriedzwei.sommercamp.berlin\/wp-content\/uploads\/2026\/08\/PHOTO-2026-08-06-17-18-39-3-768x1024.jpg\" alt=\"\" class=\"wp-image-3620\" srcset=\"https:\/\/hannesriedzwei.sommercamp.berlin\/wp-content\/uploads\/2026\/08\/PHOTO-2026-08-06-17-18-39-3-768x1024.jpg 768w, https:\/\/hannesriedzwei.sommercamp.berlin\/wp-content\/uploads\/2026\/08\/PHOTO-2026-08-06-17-18-39-3-225x300.jpg 225w, https:\/\/hannesriedzwei.sommercamp.berlin\/wp-content\/uploads\/2026\/08\/PHOTO-2026-08-06-17-18-39-3-1152x1536.jpg 1152w, https:\/\/hannesriedzwei.sommercamp.berlin\/wp-content\/uploads\/2026\/08\/PHOTO-2026-08-06-17-18-39-3.jpg 1200w\" sizes=\"auto, (max-width: 767px) 89vw, (max-width: 1000px) 54vw, (max-width: 1071px) 543px, 580px\" \/><figcaption class=\"wp-element-caption\">Just Dance aber in echt<\/figcaption><\/figure>\n\n\n\n<figure class=\"wp-block-image size-large\"><img loading=\"lazy\" decoding=\"async\" width=\"768\" height=\"1024\" data-id=\"3624\" src=\"https:\/\/hannesriedzwei.sommercamp.berlin\/wp-content\/uploads\/2026\/08\/daee8406-d1b6-472c-80cd-b63014e1dc36-768x1024.jpg\" alt=\"\" class=\"wp-image-3624\" srcset=\"https:\/\/hannesriedzwei.sommercamp.berlin\/wp-content\/uploads\/2026\/08\/daee8406-d1b6-472c-80cd-b63014e1dc36-768x1024.jpg 768w, https:\/\/hannesriedzwei.sommercamp.berlin\/wp-content\/uploads\/2026\/08\/daee8406-d1b6-472c-80cd-b63014e1dc36-225x300.jpg 225w, https:\/\/hannesriedzwei.sommercamp.berlin\/wp-content\/uploads\/2026\/08\/daee8406-d1b6-472c-80cd-b63014e1dc36-1152x1536.jpg 1152w, https:\/\/hannesriedzwei.sommercamp.berlin\/wp-content\/uploads\/2026\/08\/daee8406-d1b6-472c-80cd-b63014e1dc36.jpg 1200w\" sizes=\"auto, (max-width: 767px) 89vw, (max-width: 1000px) 54vw, (max-width: 1071px) 543px, 580px\" \/><figcaption class=\"wp-element-caption\">Dancing Queens<\/figcaption><\/figure>\n<\/figure>\n\n\n\n<figure class=\"wp-block-gallery has-nested-images columns-default is-cropped wp-block-gallery-7 is-layout-flex wp-block-gallery-is-layout-flex\">\n<figure class=\"wp-block-image size-full\"><img decoding=\"async\" data-id=\"3639\" src=\"https:\/\/hannesriedzwei.sommercamp.berlin\/wp-content\/uploads\/2026\/08\/IMG_7911-1.heic\" alt=\"\" class=\"wp-image-3639\"\/><figcaption class=\"wp-element-caption\">Die Nachtwache h\u00e4lt durch! <\/figcaption><\/figure>\n\n\n\n<figure class=\"wp-block-image size-large\"><img loading=\"lazy\" decoding=\"async\" width=\"768\" height=\"1024\" data-id=\"3640\" src=\"https:\/\/hannesriedzwei.sommercamp.berlin\/wp-content\/uploads\/2026\/08\/PHOTO-2026-08-06-19-30-47-1-768x1024.jpg\" alt=\"\" class=\"wp-image-3640\" srcset=\"https:\/\/hannesriedzwei.sommercamp.berlin\/wp-content\/uploads\/2026\/08\/PHOTO-2026-08-06-19-30-47-1-768x1024.jpg 768w, https:\/\/hannesriedzwei.sommercamp.berlin\/wp-content\/uploads\/2026\/08\/PHOTO-2026-08-06-19-30-47-1-225x300.jpg 225w, https:\/\/hannesriedzwei.sommercamp.berlin\/wp-content\/uploads\/2026\/08\/PHOTO-2026-08-06-19-30-47-1-1152x1536.jpg 1152w, https:\/\/hannesriedzwei.sommercamp.berlin\/wp-content\/uploads\/2026\/08\/PHOTO-2026-08-06-19-30-47-1.jpg 1200w\" sizes=\"auto, (max-width: 767px) 89vw, (max-width: 1000px) 54vw, (max-width: 1071px) 543px, 580px\" \/><figcaption class=\"wp-element-caption\">Um 8:30 wurden alle geweckt<\/figcaption><\/figure>\n<\/figure>\n\n\n\n<figure class=\"wp-block-gallery has-nested-images columns-default is-cropped wp-block-gallery-8 is-layout-flex wp-block-gallery-is-layout-flex\">\n<figure class=\"wp-block-image size-large\"><img loading=\"lazy\" decoding=\"async\" width=\"768\" height=\"1024\" data-id=\"3610\" src=\"https:\/\/hannesriedzwei.sommercamp.berlin\/wp-content\/uploads\/2026\/08\/PHOTO-2026-08-05-16-55-33-768x1024.jpg\" alt=\"\" class=\"wp-image-3610\" srcset=\"https:\/\/hannesriedzwei.sommercamp.berlin\/wp-content\/uploads\/2026\/08\/PHOTO-2026-08-05-16-55-33-768x1024.jpg 768w, https:\/\/hannesriedzwei.sommercamp.berlin\/wp-content\/uploads\/2026\/08\/PHOTO-2026-08-05-16-55-33-225x300.jpg 225w, https:\/\/hannesriedzwei.sommercamp.berlin\/wp-content\/uploads\/2026\/08\/PHOTO-2026-08-05-16-55-33-1152x1536.jpg 1152w, https:\/\/hannesriedzwei.sommercamp.berlin\/wp-content\/uploads\/2026\/08\/PHOTO-2026-08-05-16-55-33.jpg 1536w\" sizes=\"auto, (max-width: 767px) 89vw, (max-width: 1000px) 54vw, (max-width: 1071px) 543px, 580px\" \/><\/figure>\n\n\n\n<figure class=\"wp-block-image size-large\"><img loading=\"lazy\" decoding=\"async\" width=\"768\" height=\"1024\" data-id=\"3611\" src=\"https:\/\/hannesriedzwei.sommercamp.berlin\/wp-content\/uploads\/2026\/08\/PHOTO-2026-08-05-16-55-32-768x1024.jpg\" alt=\"\" class=\"wp-image-3611\" srcset=\"https:\/\/hannesriedzwei.sommercamp.berlin\/wp-content\/uploads\/2026\/08\/PHOTO-2026-08-05-16-55-32-768x1024.jpg 768w, https:\/\/hannesriedzwei.sommercamp.berlin\/wp-content\/uploads\/2026\/08\/PHOTO-2026-08-05-16-55-32-225x300.jpg 225w, https:\/\/hannesriedzwei.sommercamp.berlin\/wp-content\/uploads\/2026\/08\/PHOTO-2026-08-05-16-55-32-1152x1536.jpg 1152w, https:\/\/hannesriedzwei.sommercamp.berlin\/wp-content\/uploads\/2026\/08\/PHOTO-2026-08-05-16-55-32.jpg 1536w\" sizes=\"auto, (max-width: 767px) 89vw, (max-width: 1000px) 54vw, (max-width: 1071px) 543px, 580px\" \/><\/figure>\n<\/figure>\n\n\n\n<figure class=\"wp-block-image size-full\"><img decoding=\"async\" src=\"https:\/\/hannesriedzwei.sommercamp.berlin\/wp-content\/uploads\/2026\/08\/IMG_7929.heic\" alt=\"\" class=\"wp-image-3626\"\/><\/figure>\n\n\n\n<p class=\"wp-block-paragraph\">Heute morgen sind wir eine halbe Stunde sp\u00e4ter aufgewacht als sonst. Das hat allen ganz gut getan, bis auf der Nachtwache, da diese dadurch noch l\u00e4nger wach bleiben musste! Zelt 6 hatte n\u00e4mlich letzte Nacht versucht unsere eigene Fahne zu klauen! Dementsprechend mussten gewisse Ma\u00dfnahmen ergriffen werden und das Zelt musste entsprechend gesichert werden.<\/p>\n\n\n\n<figure class=\"wp-block-image size-full\"><img decoding=\"async\" src=\"https:\/\/hannesriedzwei.sommercamp.berlin\/wp-content\/uploads\/2026\/08\/IMG_7897.heic\" alt=\"\" class=\"wp-image-3627\"\/><\/figure>\n\n\n\n<figure class=\"wp-block-image size-large\"><img loading=\"lazy\" decoding=\"async\" width=\"1024\" height=\"771\" src=\"https:\/\/hannesriedzwei.sommercamp.berlin\/wp-content\/uploads\/2026\/08\/IMG_7930-1024x771.jpg\" alt=\"\" class=\"wp-image-3630\" srcset=\"https:\/\/hannesriedzwei.sommercamp.berlin\/wp-content\/uploads\/2026\/08\/IMG_7930-1024x771.jpg 1024w, https:\/\/hannesriedzwei.sommercamp.berlin\/wp-content\/uploads\/2026\/08\/IMG_7930-300x226.jpg 300w, https:\/\/hannesriedzwei.sommercamp.berlin\/wp-content\/uploads\/2026\/08\/IMG_7930-768x578.jpg 768w, https:\/\/hannesriedzwei.sommercamp.berlin\/wp-content\/uploads\/2026\/08\/IMG_7930-1536x1156.jpg 1536w, https:\/\/hannesriedzwei.sommercamp.berlin\/wp-content\/uploads\/2026\/08\/IMG_7930.jpg 1600w\" sizes=\"auto, (max-width: 767px) 89vw, (max-width: 1000px) 54vw, (max-width: 1071px) 543px, 580px\" \/><figcaption class=\"wp-element-caption\">Die selbsternannten &#8222;Ascheisten&#8220;<\/figcaption><\/figure>\n\n\n\n<p class=\"wp-block-paragraph\">Die letzten zwei Tage waren gef\u00fcllt von kreativen Angeboten wie Armb\u00e4nder kn\u00fcpfen oder Tassen bemalen. Au\u00dferdem ging es ins Waldbad und es wurde eine Menge Bingo gespielt, das ist scheinbar auch bei den Kindern sehr beliebt! Die n\u00e4chsten Tage werden aufregend, am Freitag findet die erste Disco statt und am Wochenende beginnen die Turniere. Darunter ein Kicker-, Dart-, Tischtennis-, Schach- und Bogenschie\u00dfturnier sowie ein Armdr\u00fccken-Wettbewerb. Am Montag geht es au\u00dferdem in den Bayern Park, der Spa\u00df h\u00f6rt also gar nicht mehr auf! <\/p>\n\n\n\n<p class=\"wp-block-paragraph\">Liebe Gr\u00fc\u00dfe aus dem sonnigen Hannesried und gute Nacht! <\/p>\n","protected":false},"excerpt":{"rendered":"<p>Hallo Liebe Blogleser, wir hatten gestern sowie auch heute zwei sch\u00f6ne und angenehme Tage. Heute morgen sind wir eine halbe Stunde sp\u00e4ter aufgewacht als sonst. Das hat allen ganz gut getan, bis auf der Nachtwache, da diese dadurch noch l\u00e4nger wach bleiben musste! Zelt 6 hatte n\u00e4mlich letzte Nacht versucht unsere eigene Fahne zu klauen! &hellip; <\/p>\n<p class=\"link-more\"><a href=\"https:\/\/hannesriedzwei.sommercamp.berlin\/?p=3572\" class=\"more-link\"><span class=\"screen-reader-text\">\u201eAngenehmes Wetter &#8211; nicht zu hei\u00df und nicht zu warm &#8211; Zitat I05.08.\/06.08.I\u201c <\/span>weiterlesen<\/a><\/p>\n","protected":false},"author":5,"featured_media":0,"comment_status":"open","ping_status":"","sticky":false,"template":"","format":"standard","meta":{"footnotes":""},"categories":[1],"tags":[],"class_list":["post-3572","post","type-post","status-publish","format-standard","hentry","category-uncategorized"],"_links":{"self":[{"href":"https:\/\/hannesriedzwei.sommercamp.berlin\/index.php?rest_route=\/wp\/v2\/posts\/3572","targetHints":{"allow":["GET"]}}],"collection":[{"href":"https:\/\/hannesriedzwei.sommercamp.berlin\/index.php?rest_route=\/wp\/v2\/posts"}],"about":[{"href":"https:\/\/hannesriedzwei.sommercamp.berlin\/index.php?rest_route=\/wp\/v2\/types\/post"}],"author":[{"embeddable":true,"href":"https:\/\/hannesriedzwei.sommercamp.berlin\/index.php?rest_route=\/wp\/v2\/users\/5"}],"replies":[{"embeddable":true,"href":"https:\/\/hannesriedzwei.sommercamp.berlin\/index.php?rest_route=%2Fwp%2Fv2%2Fcomments&post=3572"}],"version-history":[{"count":8,"href":"https:\/\/hannesriedzwei.sommercamp.berlin\/index.php?rest_route=\/wp\/v2\/posts\/3572\/revisions"}],"predecessor-version":[{"id":3642,"href":"https:\/\/hannesriedzwei.sommercamp.berlin\/index.php?rest_route=\/wp\/v2\/posts\/3572\/revisions\/3642"}],"wp:attachment":[{"href":"https:\/\/hannesriedzwei.sommercamp.berlin\/index.php?rest_route=%2Fwp%2Fv2%2Fmedia&parent=3572"}],"wp:term":[{"taxonomy":"category","embeddable":true,"href":"https:\/\/hannesriedzwei.sommercamp.berlin\/index.php?rest_route=%2Fwp%2Fv2%2Fcategories&post=3572"},{"taxonomy":"post_tag","embeddable":true,"href":"https:\/\/hannesriedzwei.sommercamp.berlin\/index.php?rest_route=%2Fwp%2Fv2%2Ftags&post=3572"}],"curies":[{"name":"wp","href":"https:\/\/api.w.org\/{rel}","templated":true}]}}