{"id":3987,"date":"2026-08-16T16:55:17","date_gmt":"2026-08-16T16:55:17","guid":{"rendered":"https:\/\/hannesriedzwei.sommercamp.berlin\/?p=3987"},"modified":"2026-08-17T21:22:02","modified_gmt":"2026-08-17T21:22:02","slug":"150-jahre-ffw-hannesried-not-so-hippie-tag-i14-08-15-08i","status":"publish","type":"post","link":"https:\/\/hannesriedzwei.sommercamp.berlin\/?p=3987","title":{"rendered":"150 Jahre FFW Hannesried und Not-So-Hippie-Tag I15.08\/16.08I"},"content":{"rendered":"\n<figure class=\"wp-block-image size-full\"><img decoding=\"async\" src=\"https:\/\/hannesriedzwei.sommercamp.berlin\/wp-content\/uploads\/2026\/08\/IMG_8074.heic\" alt=\"\" class=\"wp-image-3988\"\/><\/figure>\n\n\n\n<figure class=\"wp-block-gallery has-nested-images columns-default is-cropped wp-block-gallery-1 is-layout-flex wp-block-gallery-is-layout-flex\">\n<figure class=\"wp-block-image size-large\"><img loading=\"lazy\" decoding=\"async\" width=\"768\" height=\"1024\" data-id=\"3990\" src=\"https:\/\/hannesriedzwei.sommercamp.berlin\/wp-content\/uploads\/2026\/08\/PHOTO-2026-08-16-15-21-09-2-768x1024.jpg\" alt=\"\" class=\"wp-image-3990\" srcset=\"https:\/\/hannesriedzwei.sommercamp.berlin\/wp-content\/uploads\/2026\/08\/PHOTO-2026-08-16-15-21-09-2-768x1024.jpg 768w, https:\/\/hannesriedzwei.sommercamp.berlin\/wp-content\/uploads\/2026\/08\/PHOTO-2026-08-16-15-21-09-2-225x300.jpg 225w, https:\/\/hannesriedzwei.sommercamp.berlin\/wp-content\/uploads\/2026\/08\/PHOTO-2026-08-16-15-21-09-2-1152x1536.jpg 1152w, https:\/\/hannesriedzwei.sommercamp.berlin\/wp-content\/uploads\/2026\/08\/PHOTO-2026-08-16-15-21-09-2.jpg 1536w\" sizes=\"auto, (max-width: 767px) 89vw, (max-width: 1000px) 54vw, (max-width: 1071px) 543px, 580px\" \/><\/figure>\n\n\n\n<figure class=\"wp-block-image size-large\"><img loading=\"lazy\" decoding=\"async\" width=\"768\" height=\"1024\" data-id=\"3989\" src=\"https:\/\/hannesriedzwei.sommercamp.berlin\/wp-content\/uploads\/2026\/08\/PHOTO-2026-08-16-15-21-06-2-768x1024.jpg\" alt=\"\" class=\"wp-image-3989\" srcset=\"https:\/\/hannesriedzwei.sommercamp.berlin\/wp-content\/uploads\/2026\/08\/PHOTO-2026-08-16-15-21-06-2-768x1024.jpg 768w, https:\/\/hannesriedzwei.sommercamp.berlin\/wp-content\/uploads\/2026\/08\/PHOTO-2026-08-16-15-21-06-2-225x300.jpg 225w, https:\/\/hannesriedzwei.sommercamp.berlin\/wp-content\/uploads\/2026\/08\/PHOTO-2026-08-16-15-21-06-2-1152x1536.jpg 1152w, https:\/\/hannesriedzwei.sommercamp.berlin\/wp-content\/uploads\/2026\/08\/PHOTO-2026-08-16-15-21-06-2.jpg 1200w\" sizes=\"auto, (max-width: 767px) 89vw, (max-width: 1000px) 54vw, (max-width: 1071px) 543px, 580px\" \/><\/figure>\n<\/figure>\n\n\n\n<p class=\"wp-block-paragraph\">Am Samstag sind wir mit den Kindern gemeinsam ins Dorf nach Hannesried gefahren, das ist der Ort den man vom Zeltplatz aus sehen kann. Dieses Jahr feiert die Feuerwehr dort n\u00e4mlich ihr 150. Jubil\u00e4um und auch wir Teamer von der Schreberjugend waren eingetragen zum Traktor ziehen. Daf\u00fcr brauchten wir nat\u00fcrlich ein Publikum was uns anfeuert! Wir waren auf jeden Fall die lautesten, das wurde auch noch \u00fcber die Lautsprecher erw\u00e4hnt! Eigentlich war an diesem Tag der Hippie-Tag geplant, durch den Ausflug ins Dorf und das ganze Programm wurde das aber leider nicht wirklich was, deshalb nennen wir ihn einfach liebevoll den Not-So-Hippie-Tag. <\/p>\n\n\n\n<figure class=\"wp-block-gallery has-nested-images columns-default is-cropped wp-block-gallery-2 is-layout-flex wp-block-gallery-is-layout-flex\">\n<figure class=\"wp-block-image size-large\"><img loading=\"lazy\" decoding=\"async\" width=\"1024\" height=\"768\" data-id=\"4001\" src=\"https:\/\/hannesriedzwei.sommercamp.berlin\/wp-content\/uploads\/2026\/08\/PHOTO-2026-08-15-15-02-22-1024x768.jpg\" alt=\"\" class=\"wp-image-4001\" srcset=\"https:\/\/hannesriedzwei.sommercamp.berlin\/wp-content\/uploads\/2026\/08\/PHOTO-2026-08-15-15-02-22-1024x768.jpg 1024w, https:\/\/hannesriedzwei.sommercamp.berlin\/wp-content\/uploads\/2026\/08\/PHOTO-2026-08-15-15-02-22-300x225.jpg 300w, https:\/\/hannesriedzwei.sommercamp.berlin\/wp-content\/uploads\/2026\/08\/PHOTO-2026-08-15-15-02-22-768x576.jpg 768w, https:\/\/hannesriedzwei.sommercamp.berlin\/wp-content\/uploads\/2026\/08\/PHOTO-2026-08-15-15-02-22-1536x1152.jpg 1536w, https:\/\/hannesriedzwei.sommercamp.berlin\/wp-content\/uploads\/2026\/08\/PHOTO-2026-08-15-15-02-22.jpg 2048w\" sizes=\"auto, (max-width: 767px) 89vw, (max-width: 1000px) 54vw, (max-width: 1071px) 543px, 580px\" \/><\/figure>\n\n\n\n<figure class=\"wp-block-image size-large\"><img loading=\"lazy\" decoding=\"async\" width=\"1024\" height=\"768\" data-id=\"3999\" src=\"https:\/\/hannesriedzwei.sommercamp.berlin\/wp-content\/uploads\/2026\/08\/PHOTO-2026-08-15-15-02-22-2-1024x768.jpg\" alt=\"\" class=\"wp-image-3999\" srcset=\"https:\/\/hannesriedzwei.sommercamp.berlin\/wp-content\/uploads\/2026\/08\/PHOTO-2026-08-15-15-02-22-2-1024x768.jpg 1024w, https:\/\/hannesriedzwei.sommercamp.berlin\/wp-content\/uploads\/2026\/08\/PHOTO-2026-08-15-15-02-22-2-300x225.jpg 300w, https:\/\/hannesriedzwei.sommercamp.berlin\/wp-content\/uploads\/2026\/08\/PHOTO-2026-08-15-15-02-22-2-768x576.jpg 768w, https:\/\/hannesriedzwei.sommercamp.berlin\/wp-content\/uploads\/2026\/08\/PHOTO-2026-08-15-15-02-22-2-1536x1152.jpg 1536w, https:\/\/hannesriedzwei.sommercamp.berlin\/wp-content\/uploads\/2026\/08\/PHOTO-2026-08-15-15-02-22-2.jpg 2048w\" sizes=\"auto, (max-width: 767px) 89vw, (max-width: 1000px) 54vw, (max-width: 1071px) 543px, 580px\" \/><\/figure>\n\n\n\n<figure class=\"wp-block-image size-large\"><img loading=\"lazy\" decoding=\"async\" width=\"1024\" height=\"768\" data-id=\"3997\" src=\"https:\/\/hannesriedzwei.sommercamp.berlin\/wp-content\/uploads\/2026\/08\/PHOTO-2026-08-15-16-07-17-1024x768.jpg\" alt=\"\" class=\"wp-image-3997\" srcset=\"https:\/\/hannesriedzwei.sommercamp.berlin\/wp-content\/uploads\/2026\/08\/PHOTO-2026-08-15-16-07-17-1024x768.jpg 1024w, https:\/\/hannesriedzwei.sommercamp.berlin\/wp-content\/uploads\/2026\/08\/PHOTO-2026-08-15-16-07-17-300x225.jpg 300w, https:\/\/hannesriedzwei.sommercamp.berlin\/wp-content\/uploads\/2026\/08\/PHOTO-2026-08-15-16-07-17-768x576.jpg 768w, https:\/\/hannesriedzwei.sommercamp.berlin\/wp-content\/uploads\/2026\/08\/PHOTO-2026-08-15-16-07-17-1536x1152.jpg 1536w, https:\/\/hannesriedzwei.sommercamp.berlin\/wp-content\/uploads\/2026\/08\/PHOTO-2026-08-15-16-07-17.jpg 2048w\" sizes=\"auto, (max-width: 767px) 89vw, (max-width: 1000px) 54vw, (max-width: 1071px) 543px, 580px\" \/><\/figure>\n\n\n\n<figure class=\"wp-block-image size-large\"><img loading=\"lazy\" decoding=\"async\" width=\"1024\" height=\"768\" data-id=\"4000\" src=\"https:\/\/hannesriedzwei.sommercamp.berlin\/wp-content\/uploads\/2026\/08\/PHOTO-2026-08-15-15-02-23-1024x768.jpg\" alt=\"\" class=\"wp-image-4000\" srcset=\"https:\/\/hannesriedzwei.sommercamp.berlin\/wp-content\/uploads\/2026\/08\/PHOTO-2026-08-15-15-02-23-1024x768.jpg 1024w, https:\/\/hannesriedzwei.sommercamp.berlin\/wp-content\/uploads\/2026\/08\/PHOTO-2026-08-15-15-02-23-300x225.jpg 300w, https:\/\/hannesriedzwei.sommercamp.berlin\/wp-content\/uploads\/2026\/08\/PHOTO-2026-08-15-15-02-23-768x576.jpg 768w, https:\/\/hannesriedzwei.sommercamp.berlin\/wp-content\/uploads\/2026\/08\/PHOTO-2026-08-15-15-02-23-1536x1152.jpg 1536w, https:\/\/hannesriedzwei.sommercamp.berlin\/wp-content\/uploads\/2026\/08\/PHOTO-2026-08-15-15-02-23.jpg 2048w\" sizes=\"auto, (max-width: 767px) 89vw, (max-width: 1000px) 54vw, (max-width: 1071px) 543px, 580px\" \/><\/figure>\n<\/figure>\n\n\n\n<figure class=\"wp-block-gallery has-nested-images columns-default is-cropped wp-block-gallery-3 is-layout-flex wp-block-gallery-is-layout-flex\">\n<figure class=\"wp-block-image size-large\"><img loading=\"lazy\" decoding=\"async\" width=\"1024\" height=\"768\" data-id=\"3992\" src=\"https:\/\/hannesriedzwei.sommercamp.berlin\/wp-content\/uploads\/2026\/08\/PHOTO-2026-08-16-15-21-06-1024x768.jpg\" alt=\"\" class=\"wp-image-3992\" srcset=\"https:\/\/hannesriedzwei.sommercamp.berlin\/wp-content\/uploads\/2026\/08\/PHOTO-2026-08-16-15-21-06-1024x768.jpg 1024w, https:\/\/hannesriedzwei.sommercamp.berlin\/wp-content\/uploads\/2026\/08\/PHOTO-2026-08-16-15-21-06-300x225.jpg 300w, https:\/\/hannesriedzwei.sommercamp.berlin\/wp-content\/uploads\/2026\/08\/PHOTO-2026-08-16-15-21-06-768x576.jpg 768w, https:\/\/hannesriedzwei.sommercamp.berlin\/wp-content\/uploads\/2026\/08\/PHOTO-2026-08-16-15-21-06-1536x1152.jpg 1536w, https:\/\/hannesriedzwei.sommercamp.berlin\/wp-content\/uploads\/2026\/08\/PHOTO-2026-08-16-15-21-06.jpg 1600w\" sizes=\"auto, (max-width: 767px) 89vw, (max-width: 1000px) 54vw, (max-width: 1071px) 543px, 580px\" \/><\/figure>\n<\/figure>\n\n\n\n<p class=\"wp-block-paragraph\">Unser Team hat mit knapp 52 Metern auch sehr gut abgeschnitten und wir sind sogar in den Top 10 gelandet! <\/p>\n\n\n\n<figure class=\"wp-block-gallery has-nested-images columns-default is-cropped wp-block-gallery-4 is-layout-flex wp-block-gallery-is-layout-flex\">\n<figure class=\"wp-block-image size-large\"><img loading=\"lazy\" decoding=\"async\" width=\"768\" height=\"1024\" data-id=\"3991\" src=\"https:\/\/hannesriedzwei.sommercamp.berlin\/wp-content\/uploads\/2026\/08\/PHOTO-2026-08-16-15-21-09-768x1024.jpg\" alt=\"\" class=\"wp-image-3991\" srcset=\"https:\/\/hannesriedzwei.sommercamp.berlin\/wp-content\/uploads\/2026\/08\/PHOTO-2026-08-16-15-21-09-768x1024.jpg 768w, https:\/\/hannesriedzwei.sommercamp.berlin\/wp-content\/uploads\/2026\/08\/PHOTO-2026-08-16-15-21-09-225x300.jpg 225w, https:\/\/hannesriedzwei.sommercamp.berlin\/wp-content\/uploads\/2026\/08\/PHOTO-2026-08-16-15-21-09-1152x1536.jpg 1152w, https:\/\/hannesriedzwei.sommercamp.berlin\/wp-content\/uploads\/2026\/08\/PHOTO-2026-08-16-15-21-09.jpg 1536w\" sizes=\"auto, (max-width: 767px) 89vw, (max-width: 1000px) 54vw, (max-width: 1071px) 543px, 580px\" \/><\/figure>\n\n\n\n<figure class=\"wp-block-image size-large\"><img loading=\"lazy\" decoding=\"async\" width=\"1024\" height=\"768\" data-id=\"3996\" src=\"https:\/\/hannesriedzwei.sommercamp.berlin\/wp-content\/uploads\/2026\/08\/PHOTO-2026-08-15-16-07-17-2-1024x768.jpg\" alt=\"\" class=\"wp-image-3996\" srcset=\"https:\/\/hannesriedzwei.sommercamp.berlin\/wp-content\/uploads\/2026\/08\/PHOTO-2026-08-15-16-07-17-2-1024x768.jpg 1024w, https:\/\/hannesriedzwei.sommercamp.berlin\/wp-content\/uploads\/2026\/08\/PHOTO-2026-08-15-16-07-17-2-300x225.jpg 300w, https:\/\/hannesriedzwei.sommercamp.berlin\/wp-content\/uploads\/2026\/08\/PHOTO-2026-08-15-16-07-17-2-768x576.jpg 768w, https:\/\/hannesriedzwei.sommercamp.berlin\/wp-content\/uploads\/2026\/08\/PHOTO-2026-08-15-16-07-17-2-1536x1152.jpg 1536w, https:\/\/hannesriedzwei.sommercamp.berlin\/wp-content\/uploads\/2026\/08\/PHOTO-2026-08-15-16-07-17-2.jpg 2048w\" sizes=\"auto, (max-width: 767px) 89vw, (max-width: 1000px) 54vw, (max-width: 1071px) 543px, 580px\" \/><\/figure>\n\n\n\n<figure class=\"wp-block-image size-large\"><img loading=\"lazy\" decoding=\"async\" width=\"1024\" height=\"473\" data-id=\"3998\" src=\"https:\/\/hannesriedzwei.sommercamp.berlin\/wp-content\/uploads\/2026\/08\/PHOTO-2026-08-15-15-26-58-1024x473.jpg\" alt=\"\" class=\"wp-image-3998\" srcset=\"https:\/\/hannesriedzwei.sommercamp.berlin\/wp-content\/uploads\/2026\/08\/PHOTO-2026-08-15-15-26-58-1024x473.jpg 1024w, https:\/\/hannesriedzwei.sommercamp.berlin\/wp-content\/uploads\/2026\/08\/PHOTO-2026-08-15-15-26-58-300x139.jpg 300w, https:\/\/hannesriedzwei.sommercamp.berlin\/wp-content\/uploads\/2026\/08\/PHOTO-2026-08-15-15-26-58-768x355.jpg 768w, https:\/\/hannesriedzwei.sommercamp.berlin\/wp-content\/uploads\/2026\/08\/PHOTO-2026-08-15-15-26-58-1536x710.jpg 1536w, https:\/\/hannesriedzwei.sommercamp.berlin\/wp-content\/uploads\/2026\/08\/PHOTO-2026-08-15-15-26-58.jpg 2000w\" sizes=\"auto, (max-width: 767px) 89vw, (max-width: 1000px) 54vw, (max-width: 1071px) 543px, 580px\" \/><\/figure>\n<\/figure>\n\n\n\n<p class=\"wp-block-paragraph\">Danach gab es erstmal eine Abk\u00fchlung, es waren \u00fcber 30 Grad und die Sonne war kr\u00e4ftig am scheinen! <\/p>\n\n\n\n<figure class=\"wp-block-gallery has-nested-images columns-default is-cropped wp-block-gallery-5 is-layout-flex wp-block-gallery-is-layout-flex\">\n<figure class=\"wp-block-image size-large\"><img decoding=\"async\" data-id=\"4002\" src=\"https:\/\/hannesriedzwei.sommercamp.berlin\/wp-content\/uploads\/2026\/08\/IMG_8057.heic\" alt=\"\" class=\"wp-image-4002\"\/><\/figure>\n<\/figure>\n\n\n\n<figure class=\"wp-block-gallery has-nested-images columns-default is-cropped wp-block-gallery-6 is-layout-flex wp-block-gallery-is-layout-flex\">\n<figure class=\"wp-block-image size-large\"><img loading=\"lazy\" decoding=\"async\" width=\"768\" height=\"1024\" data-id=\"4004\" src=\"https:\/\/hannesriedzwei.sommercamp.berlin\/wp-content\/uploads\/2026\/08\/PHOTO-2026-08-14-12-20-17-2-768x1024.jpg\" alt=\"\" class=\"wp-image-4004\" srcset=\"https:\/\/hannesriedzwei.sommercamp.berlin\/wp-content\/uploads\/2026\/08\/PHOTO-2026-08-14-12-20-17-2-768x1024.jpg 768w, https:\/\/hannesriedzwei.sommercamp.berlin\/wp-content\/uploads\/2026\/08\/PHOTO-2026-08-14-12-20-17-2-225x300.jpg 225w, https:\/\/hannesriedzwei.sommercamp.berlin\/wp-content\/uploads\/2026\/08\/PHOTO-2026-08-14-12-20-17-2-1152x1536.jpg 1152w, https:\/\/hannesriedzwei.sommercamp.berlin\/wp-content\/uploads\/2026\/08\/PHOTO-2026-08-14-12-20-17-2.jpg 1200w\" sizes=\"auto, (max-width: 767px) 89vw, (max-width: 1000px) 54vw, (max-width: 1071px) 543px, 580px\" \/><\/figure>\n\n\n\n<figure class=\"wp-block-image size-large\"><img loading=\"lazy\" decoding=\"async\" width=\"768\" height=\"1024\" data-id=\"4005\" src=\"https:\/\/hannesriedzwei.sommercamp.berlin\/wp-content\/uploads\/2026\/08\/PHOTO-2026-08-14-12-20-17-768x1024.jpg\" alt=\"\" class=\"wp-image-4005\" srcset=\"https:\/\/hannesriedzwei.sommercamp.berlin\/wp-content\/uploads\/2026\/08\/PHOTO-2026-08-14-12-20-17-768x1024.jpg 768w, https:\/\/hannesriedzwei.sommercamp.berlin\/wp-content\/uploads\/2026\/08\/PHOTO-2026-08-14-12-20-17-225x300.jpg 225w, https:\/\/hannesriedzwei.sommercamp.berlin\/wp-content\/uploads\/2026\/08\/PHOTO-2026-08-14-12-20-17-1152x1536.jpg 1152w, https:\/\/hannesriedzwei.sommercamp.berlin\/wp-content\/uploads\/2026\/08\/PHOTO-2026-08-14-12-20-17.jpg 1200w\" sizes=\"auto, (max-width: 767px) 89vw, (max-width: 1000px) 54vw, (max-width: 1071px) 543px, 580px\" \/><\/figure>\n\n\n\n<figure class=\"wp-block-image size-large\"><img loading=\"lazy\" decoding=\"async\" width=\"580\" height=\"1024\" data-id=\"3993\" src=\"https:\/\/hannesriedzwei.sommercamp.berlin\/wp-content\/uploads\/2026\/08\/PHOTO-2026-08-16-10-09-29-580x1024.jpg\" alt=\"\" class=\"wp-image-3993\" srcset=\"https:\/\/hannesriedzwei.sommercamp.berlin\/wp-content\/uploads\/2026\/08\/PHOTO-2026-08-16-10-09-29-580x1024.jpg 580w, https:\/\/hannesriedzwei.sommercamp.berlin\/wp-content\/uploads\/2026\/08\/PHOTO-2026-08-16-10-09-29-170x300.jpg 170w, https:\/\/hannesriedzwei.sommercamp.berlin\/wp-content\/uploads\/2026\/08\/PHOTO-2026-08-16-10-09-29-768x1356.jpg 768w, https:\/\/hannesriedzwei.sommercamp.berlin\/wp-content\/uploads\/2026\/08\/PHOTO-2026-08-16-10-09-29-870x1536.jpg 870w, https:\/\/hannesriedzwei.sommercamp.berlin\/wp-content\/uploads\/2026\/08\/PHOTO-2026-08-16-10-09-29.jpg 906w\" sizes=\"auto, (max-width: 580px) 100vw, 580px\" \/><\/figure>\n<\/figure>\n\n\n\n<figure class=\"wp-block-gallery has-nested-images columns-default is-cropped wp-block-gallery-7 is-layout-flex wp-block-gallery-is-layout-flex\">\n<figure class=\"wp-block-image size-large\"><img loading=\"lazy\" decoding=\"async\" width=\"1024\" height=\"768\" data-id=\"3994\" src=\"https:\/\/hannesriedzwei.sommercamp.berlin\/wp-content\/uploads\/2026\/08\/PHOTO-2026-08-16-10-09-31-2-1024x768.jpg\" alt=\"\" class=\"wp-image-3994\" srcset=\"https:\/\/hannesriedzwei.sommercamp.berlin\/wp-content\/uploads\/2026\/08\/PHOTO-2026-08-16-10-09-31-2-1024x768.jpg 1024w, https:\/\/hannesriedzwei.sommercamp.berlin\/wp-content\/uploads\/2026\/08\/PHOTO-2026-08-16-10-09-31-2-300x225.jpg 300w, https:\/\/hannesriedzwei.sommercamp.berlin\/wp-content\/uploads\/2026\/08\/PHOTO-2026-08-16-10-09-31-2-768x576.jpg 768w, https:\/\/hannesriedzwei.sommercamp.berlin\/wp-content\/uploads\/2026\/08\/PHOTO-2026-08-16-10-09-31-2-1536x1152.jpg 1536w, https:\/\/hannesriedzwei.sommercamp.berlin\/wp-content\/uploads\/2026\/08\/PHOTO-2026-08-16-10-09-31-2.jpg 1600w\" sizes=\"auto, (max-width: 767px) 89vw, (max-width: 1000px) 54vw, (max-width: 1071px) 543px, 580px\" \/><\/figure>\n\n\n\n<figure class=\"wp-block-image size-large\"><img loading=\"lazy\" decoding=\"async\" width=\"768\" height=\"1024\" data-id=\"3995\" src=\"https:\/\/hannesriedzwei.sommercamp.berlin\/wp-content\/uploads\/2026\/08\/PHOTO-2026-08-16-10-09-31-768x1024.jpg\" alt=\"\" class=\"wp-image-3995\" srcset=\"https:\/\/hannesriedzwei.sommercamp.berlin\/wp-content\/uploads\/2026\/08\/PHOTO-2026-08-16-10-09-31-768x1024.jpg 768w, https:\/\/hannesriedzwei.sommercamp.berlin\/wp-content\/uploads\/2026\/08\/PHOTO-2026-08-16-10-09-31-225x300.jpg 225w, https:\/\/hannesriedzwei.sommercamp.berlin\/wp-content\/uploads\/2026\/08\/PHOTO-2026-08-16-10-09-31-1152x1536.jpg 1152w, https:\/\/hannesriedzwei.sommercamp.berlin\/wp-content\/uploads\/2026\/08\/PHOTO-2026-08-16-10-09-31.jpg 1200w\" sizes=\"auto, (max-width: 767px) 89vw, (max-width: 1000px) 54vw, (max-width: 1071px) 543px, 580px\" \/><\/figure>\n<\/figure>\n\n\n\n<figure class=\"wp-block-gallery has-nested-images columns-default is-cropped wp-block-gallery-8 is-layout-flex wp-block-gallery-is-layout-flex\">\n<figure class=\"wp-block-image size-large\"><img loading=\"lazy\" decoding=\"async\" width=\"768\" height=\"1024\" data-id=\"4013\" src=\"https:\/\/hannesriedzwei.sommercamp.berlin\/wp-content\/uploads\/2026\/08\/PHOTO-2026-08-16-16-25-35-4-768x1024.jpg\" alt=\"\" class=\"wp-image-4013\" srcset=\"https:\/\/hannesriedzwei.sommercamp.berlin\/wp-content\/uploads\/2026\/08\/PHOTO-2026-08-16-16-25-35-4-768x1024.jpg 768w, https:\/\/hannesriedzwei.sommercamp.berlin\/wp-content\/uploads\/2026\/08\/PHOTO-2026-08-16-16-25-35-4-225x300.jpg 225w, https:\/\/hannesriedzwei.sommercamp.berlin\/wp-content\/uploads\/2026\/08\/PHOTO-2026-08-16-16-25-35-4-1152x1536.jpg 1152w, https:\/\/hannesriedzwei.sommercamp.berlin\/wp-content\/uploads\/2026\/08\/PHOTO-2026-08-16-16-25-35-4.jpg 1200w\" sizes=\"auto, (max-width: 767px) 89vw, (max-width: 1000px) 54vw, (max-width: 1071px) 543px, 580px\" \/><\/figure>\n\n\n\n<figure class=\"wp-block-image size-large\"><img loading=\"lazy\" decoding=\"async\" width=\"768\" height=\"1024\" data-id=\"4014\" src=\"https:\/\/hannesriedzwei.sommercamp.berlin\/wp-content\/uploads\/2026\/08\/PHOTO-2026-08-16-16-25-35-3-768x1024.jpg\" alt=\"\" class=\"wp-image-4014\" srcset=\"https:\/\/hannesriedzwei.sommercamp.berlin\/wp-content\/uploads\/2026\/08\/PHOTO-2026-08-16-16-25-35-3-768x1024.jpg 768w, https:\/\/hannesriedzwei.sommercamp.berlin\/wp-content\/uploads\/2026\/08\/PHOTO-2026-08-16-16-25-35-3-225x300.jpg 225w, https:\/\/hannesriedzwei.sommercamp.berlin\/wp-content\/uploads\/2026\/08\/PHOTO-2026-08-16-16-25-35-3-1152x1536.jpg 1152w, https:\/\/hannesriedzwei.sommercamp.berlin\/wp-content\/uploads\/2026\/08\/PHOTO-2026-08-16-16-25-35-3.jpg 1200w\" sizes=\"auto, (max-width: 767px) 89vw, (max-width: 1000px) 54vw, (max-width: 1071px) 543px, 580px\" \/><\/figure>\n<\/figure>\n\n\n\n<p class=\"wp-block-paragraph\">Wir haben dieses Jahr auch mehrere Geburtstagskinder. Geburtstag im Zeltlager ist immer eine sch\u00f6ne Sache! Ich selber habe auch oft im Zeltlager Geburtstag. Man sitzt zusammen, isst Kuchen, spielt Dart und hat einen sch\u00f6nen Tag zusammen! Au\u00dferdem gibt es immer einen Schreberjugend-Pullover geschenkt, besser wird es nicht! <\/p>\n\n\n\n<p class=\"wp-block-paragraph\">Zum Abend wurde dann noch Teilis vs. Treuis gespielt. Ein beliebtes Spiel, angelehnt an Schlag den Raab bei dem es verschiedenste Minispiele gibt und die Kinder gegen die Erwachsenen antreten. Das Spiel streckt sich aufgrund der vielen Spiele \u00fcber mehrere Tage, nach meinem Stand ist derzeit Gleichstand von den Punkten her, mal schauen wie es demn\u00e4chst aussieht! <\/p>\n\n\n\n<figure class=\"wp-block-gallery has-nested-images columns-default is-cropped wp-block-gallery-9 is-layout-flex wp-block-gallery-is-layout-flex\">\n<figure class=\"wp-block-image size-large\"><img loading=\"lazy\" decoding=\"async\" width=\"1024\" height=\"768\" data-id=\"4020\" src=\"https:\/\/hannesriedzwei.sommercamp.berlin\/wp-content\/uploads\/2026\/08\/PHOTO-2026-08-16-16-25-36-1024x768.jpg\" alt=\"\" class=\"wp-image-4020\" srcset=\"https:\/\/hannesriedzwei.sommercamp.berlin\/wp-content\/uploads\/2026\/08\/PHOTO-2026-08-16-16-25-36-1024x768.jpg 1024w, https:\/\/hannesriedzwei.sommercamp.berlin\/wp-content\/uploads\/2026\/08\/PHOTO-2026-08-16-16-25-36-300x225.jpg 300w, https:\/\/hannesriedzwei.sommercamp.berlin\/wp-content\/uploads\/2026\/08\/PHOTO-2026-08-16-16-25-36-768x576.jpg 768w, https:\/\/hannesriedzwei.sommercamp.berlin\/wp-content\/uploads\/2026\/08\/PHOTO-2026-08-16-16-25-36-1536x1152.jpg 1536w, https:\/\/hannesriedzwei.sommercamp.berlin\/wp-content\/uploads\/2026\/08\/PHOTO-2026-08-16-16-25-36.jpg 1600w\" sizes=\"auto, (max-width: 767px) 89vw, (max-width: 1000px) 54vw, (max-width: 1071px) 543px, 580px\" \/><\/figure>\n\n\n\n<figure class=\"wp-block-image size-large\"><img loading=\"lazy\" decoding=\"async\" width=\"768\" height=\"1024\" data-id=\"4017\" src=\"https:\/\/hannesriedzwei.sommercamp.berlin\/wp-content\/uploads\/2026\/08\/PHOTO-2026-08-16-16-25-35-768x1024.jpg\" alt=\"\" class=\"wp-image-4017\" srcset=\"https:\/\/hannesriedzwei.sommercamp.berlin\/wp-content\/uploads\/2026\/08\/PHOTO-2026-08-16-16-25-35-768x1024.jpg 768w, https:\/\/hannesriedzwei.sommercamp.berlin\/wp-content\/uploads\/2026\/08\/PHOTO-2026-08-16-16-25-35-225x300.jpg 225w, https:\/\/hannesriedzwei.sommercamp.berlin\/wp-content\/uploads\/2026\/08\/PHOTO-2026-08-16-16-25-35-1152x1536.jpg 1152w, https:\/\/hannesriedzwei.sommercamp.berlin\/wp-content\/uploads\/2026\/08\/PHOTO-2026-08-16-16-25-35.jpg 1200w\" sizes=\"auto, (max-width: 767px) 89vw, (max-width: 1000px) 54vw, (max-width: 1071px) 543px, 580px\" \/><\/figure>\n\n\n\n<figure class=\"wp-block-image size-large\"><img loading=\"lazy\" decoding=\"async\" width=\"768\" height=\"1024\" data-id=\"4019\" src=\"https:\/\/hannesriedzwei.sommercamp.berlin\/wp-content\/uploads\/2026\/08\/PHOTO-2026-08-16-16-25-36-2-768x1024.jpg\" alt=\"\" class=\"wp-image-4019\" srcset=\"https:\/\/hannesriedzwei.sommercamp.berlin\/wp-content\/uploads\/2026\/08\/PHOTO-2026-08-16-16-25-36-2-768x1024.jpg 768w, https:\/\/hannesriedzwei.sommercamp.berlin\/wp-content\/uploads\/2026\/08\/PHOTO-2026-08-16-16-25-36-2-225x300.jpg 225w, https:\/\/hannesriedzwei.sommercamp.berlin\/wp-content\/uploads\/2026\/08\/PHOTO-2026-08-16-16-25-36-2-1152x1536.jpg 1152w, https:\/\/hannesriedzwei.sommercamp.berlin\/wp-content\/uploads\/2026\/08\/PHOTO-2026-08-16-16-25-36-2.jpg 1200w\" sizes=\"auto, (max-width: 767px) 89vw, (max-width: 1000px) 54vw, (max-width: 1071px) 543px, 580px\" \/><figcaption class=\"wp-element-caption\">Luftballon-Hochalten<\/figcaption><\/figure>\n\n\n\n<figure class=\"wp-block-image size-large\"><img loading=\"lazy\" decoding=\"async\" width=\"768\" height=\"1024\" data-id=\"4018\" src=\"https:\/\/hannesriedzwei.sommercamp.berlin\/wp-content\/uploads\/2026\/08\/PHOTO-2026-08-16-16-25-36-3-768x1024.jpg\" alt=\"\" class=\"wp-image-4018\" srcset=\"https:\/\/hannesriedzwei.sommercamp.berlin\/wp-content\/uploads\/2026\/08\/PHOTO-2026-08-16-16-25-36-3-768x1024.jpg 768w, https:\/\/hannesriedzwei.sommercamp.berlin\/wp-content\/uploads\/2026\/08\/PHOTO-2026-08-16-16-25-36-3-225x300.jpg 225w, https:\/\/hannesriedzwei.sommercamp.berlin\/wp-content\/uploads\/2026\/08\/PHOTO-2026-08-16-16-25-36-3-1152x1536.jpg 1152w, https:\/\/hannesriedzwei.sommercamp.berlin\/wp-content\/uploads\/2026\/08\/PHOTO-2026-08-16-16-25-36-3.jpg 1200w\" sizes=\"auto, (max-width: 767px) 89vw, (max-width: 1000px) 54vw, (max-width: 1071px) 543px, 580px\" \/><\/figure>\n\n\n\n<figure class=\"wp-block-image size-large\"><img loading=\"lazy\" decoding=\"async\" width=\"768\" height=\"1024\" data-id=\"4015\" src=\"https:\/\/hannesriedzwei.sommercamp.berlin\/wp-content\/uploads\/2026\/08\/PHOTO-2026-08-16-16-25-35-2-768x1024.jpg\" alt=\"\" class=\"wp-image-4015\" srcset=\"https:\/\/hannesriedzwei.sommercamp.berlin\/wp-content\/uploads\/2026\/08\/PHOTO-2026-08-16-16-25-35-2-768x1024.jpg 768w, https:\/\/hannesriedzwei.sommercamp.berlin\/wp-content\/uploads\/2026\/08\/PHOTO-2026-08-16-16-25-35-2-225x300.jpg 225w, https:\/\/hannesriedzwei.sommercamp.berlin\/wp-content\/uploads\/2026\/08\/PHOTO-2026-08-16-16-25-35-2-1152x1536.jpg 1152w, https:\/\/hannesriedzwei.sommercamp.berlin\/wp-content\/uploads\/2026\/08\/PHOTO-2026-08-16-16-25-35-2.jpg 1200w\" sizes=\"auto, (max-width: 767px) 89vw, (max-width: 1000px) 54vw, (max-width: 1071px) 543px, 580px\" \/><figcaption class=\"wp-element-caption\">Wasser mit Schwamm transportieren<\/figcaption><\/figure>\n\n\n\n<figure class=\"wp-block-image size-large\"><img loading=\"lazy\" decoding=\"async\" width=\"768\" height=\"1024\" data-id=\"4008\" src=\"https:\/\/hannesriedzwei.sommercamp.berlin\/wp-content\/uploads\/2026\/08\/PHOTO-2026-08-16-16-25-35-6-768x1024.jpg\" alt=\"\" class=\"wp-image-4008\" srcset=\"https:\/\/hannesriedzwei.sommercamp.berlin\/wp-content\/uploads\/2026\/08\/PHOTO-2026-08-16-16-25-35-6-768x1024.jpg 768w, https:\/\/hannesriedzwei.sommercamp.berlin\/wp-content\/uploads\/2026\/08\/PHOTO-2026-08-16-16-25-35-6-225x300.jpg 225w, https:\/\/hannesriedzwei.sommercamp.berlin\/wp-content\/uploads\/2026\/08\/PHOTO-2026-08-16-16-25-35-6-1152x1536.jpg 1152w, https:\/\/hannesriedzwei.sommercamp.berlin\/wp-content\/uploads\/2026\/08\/PHOTO-2026-08-16-16-25-35-6.jpg 1200w\" sizes=\"auto, (max-width: 767px) 89vw, (max-width: 1000px) 54vw, (max-width: 1071px) 543px, 580px\" \/><\/figure>\n<\/figure>\n\n\n\n<figure class=\"wp-block-gallery has-nested-images columns-default is-cropped wp-block-gallery-10 is-layout-flex wp-block-gallery-is-layout-flex\">\n<figure class=\"wp-block-image size-large\"><img loading=\"lazy\" decoding=\"async\" width=\"768\" height=\"1024\" data-id=\"4012\" src=\"https:\/\/hannesriedzwei.sommercamp.berlin\/wp-content\/uploads\/2026\/08\/PHOTO-2026-08-16-16-25-35-5-768x1024.jpg\" alt=\"\" class=\"wp-image-4012\" srcset=\"https:\/\/hannesriedzwei.sommercamp.berlin\/wp-content\/uploads\/2026\/08\/PHOTO-2026-08-16-16-25-35-5-768x1024.jpg 768w, https:\/\/hannesriedzwei.sommercamp.berlin\/wp-content\/uploads\/2026\/08\/PHOTO-2026-08-16-16-25-35-5-225x300.jpg 225w, https:\/\/hannesriedzwei.sommercamp.berlin\/wp-content\/uploads\/2026\/08\/PHOTO-2026-08-16-16-25-35-5-1152x1536.jpg 1152w, https:\/\/hannesriedzwei.sommercamp.berlin\/wp-content\/uploads\/2026\/08\/PHOTO-2026-08-16-16-25-35-5.jpg 1200w\" sizes=\"auto, (max-width: 767px) 89vw, (max-width: 1000px) 54vw, (max-width: 1071px) 543px, 580px\" \/><figcaption class=\"wp-element-caption\">Calvins und Celines Wespen-Weh-Wehchen<\/figcaption><\/figure>\n\n\n\n<figure class=\"wp-block-image size-large\"><img loading=\"lazy\" decoding=\"async\" width=\"1024\" height=\"768\" data-id=\"4021\" src=\"https:\/\/hannesriedzwei.sommercamp.berlin\/wp-content\/uploads\/2026\/08\/PHOTO-2026-08-16-16-25-34-1024x768.jpg\" alt=\"\" class=\"wp-image-4021\" srcset=\"https:\/\/hannesriedzwei.sommercamp.berlin\/wp-content\/uploads\/2026\/08\/PHOTO-2026-08-16-16-25-34-1024x768.jpg 1024w, https:\/\/hannesriedzwei.sommercamp.berlin\/wp-content\/uploads\/2026\/08\/PHOTO-2026-08-16-16-25-34-300x225.jpg 300w, https:\/\/hannesriedzwei.sommercamp.berlin\/wp-content\/uploads\/2026\/08\/PHOTO-2026-08-16-16-25-34-768x576.jpg 768w, https:\/\/hannesriedzwei.sommercamp.berlin\/wp-content\/uploads\/2026\/08\/PHOTO-2026-08-16-16-25-34-1536x1152.jpg 1536w, https:\/\/hannesriedzwei.sommercamp.berlin\/wp-content\/uploads\/2026\/08\/PHOTO-2026-08-16-16-25-34.jpg 1600w\" sizes=\"auto, (max-width: 767px) 89vw, (max-width: 1000px) 54vw, (max-width: 1071px) 543px, 580px\" \/><\/figure>\n\n\n\n<figure class=\"wp-block-image size-large\"><img loading=\"lazy\" decoding=\"async\" width=\"768\" height=\"1024\" data-id=\"4010\" src=\"https:\/\/hannesriedzwei.sommercamp.berlin\/wp-content\/uploads\/2026\/08\/PHOTO-2026-08-16-16-25-36-5-768x1024.jpg\" alt=\"\" class=\"wp-image-4010\" srcset=\"https:\/\/hannesriedzwei.sommercamp.berlin\/wp-content\/uploads\/2026\/08\/PHOTO-2026-08-16-16-25-36-5-768x1024.jpg 768w, https:\/\/hannesriedzwei.sommercamp.berlin\/wp-content\/uploads\/2026\/08\/PHOTO-2026-08-16-16-25-36-5-225x300.jpg 225w, https:\/\/hannesriedzwei.sommercamp.berlin\/wp-content\/uploads\/2026\/08\/PHOTO-2026-08-16-16-25-36-5-1152x1536.jpg 1152w, https:\/\/hannesriedzwei.sommercamp.berlin\/wp-content\/uploads\/2026\/08\/PHOTO-2026-08-16-16-25-36-5.jpg 1200w\" sizes=\"auto, (max-width: 767px) 89vw, (max-width: 1000px) 54vw, (max-width: 1071px) 543px, 580px\" \/><figcaption class=\"wp-element-caption\">Sauerteig<\/figcaption><\/figure>\n<\/figure>\n\n\n\n<figure class=\"wp-block-gallery has-nested-images columns-default is-cropped wp-block-gallery-11 is-layout-flex wp-block-gallery-is-layout-flex\">\n<figure class=\"wp-block-image size-large\"><img loading=\"lazy\" decoding=\"async\" width=\"768\" height=\"1024\" data-id=\"4023\" src=\"https:\/\/hannesriedzwei.sommercamp.berlin\/wp-content\/uploads\/2026\/08\/PHOTO-2026-08-16-16-25-33-768x1024.jpg\" alt=\"\" class=\"wp-image-4023\" srcset=\"https:\/\/hannesriedzwei.sommercamp.berlin\/wp-content\/uploads\/2026\/08\/PHOTO-2026-08-16-16-25-33-768x1024.jpg 768w, https:\/\/hannesriedzwei.sommercamp.berlin\/wp-content\/uploads\/2026\/08\/PHOTO-2026-08-16-16-25-33-225x300.jpg 225w, https:\/\/hannesriedzwei.sommercamp.berlin\/wp-content\/uploads\/2026\/08\/PHOTO-2026-08-16-16-25-33-1152x1536.jpg 1152w, https:\/\/hannesriedzwei.sommercamp.berlin\/wp-content\/uploads\/2026\/08\/PHOTO-2026-08-16-16-25-33.jpg 1200w\" sizes=\"auto, (max-width: 767px) 89vw, (max-width: 1000px) 54vw, (max-width: 1071px) 543px, 580px\" \/><figcaption class=\"wp-element-caption\">Volleyball Turnier<\/figcaption><\/figure>\n\n\n\n<figure class=\"wp-block-image size-large\"><img loading=\"lazy\" decoding=\"async\" width=\"768\" height=\"1024\" data-id=\"4016\" src=\"https:\/\/hannesriedzwei.sommercamp.berlin\/wp-content\/uploads\/2026\/08\/PHOTO-2026-08-16-16-25-33-2-768x1024.jpg\" alt=\"\" class=\"wp-image-4016\" srcset=\"https:\/\/hannesriedzwei.sommercamp.berlin\/wp-content\/uploads\/2026\/08\/PHOTO-2026-08-16-16-25-33-2-768x1024.jpg 768w, https:\/\/hannesriedzwei.sommercamp.berlin\/wp-content\/uploads\/2026\/08\/PHOTO-2026-08-16-16-25-33-2-225x300.jpg 225w, https:\/\/hannesriedzwei.sommercamp.berlin\/wp-content\/uploads\/2026\/08\/PHOTO-2026-08-16-16-25-33-2-1152x1536.jpg 1152w, https:\/\/hannesriedzwei.sommercamp.berlin\/wp-content\/uploads\/2026\/08\/PHOTO-2026-08-16-16-25-33-2.jpg 1200w\" sizes=\"auto, (max-width: 767px) 89vw, (max-width: 1000px) 54vw, (max-width: 1071px) 543px, 580px\" \/><\/figure>\n\n\n\n<figure class=\"wp-block-image size-large\"><img loading=\"lazy\" decoding=\"async\" width=\"768\" height=\"1024\" data-id=\"4022\" src=\"https:\/\/hannesriedzwei.sommercamp.berlin\/wp-content\/uploads\/2026\/08\/PHOTO-2026-08-16-16-25-32-768x1024.jpg\" alt=\"\" class=\"wp-image-4022\" srcset=\"https:\/\/hannesriedzwei.sommercamp.berlin\/wp-content\/uploads\/2026\/08\/PHOTO-2026-08-16-16-25-32-768x1024.jpg 768w, https:\/\/hannesriedzwei.sommercamp.berlin\/wp-content\/uploads\/2026\/08\/PHOTO-2026-08-16-16-25-32-225x300.jpg 225w, https:\/\/hannesriedzwei.sommercamp.berlin\/wp-content\/uploads\/2026\/08\/PHOTO-2026-08-16-16-25-32-1152x1536.jpg 1152w, https:\/\/hannesriedzwei.sommercamp.berlin\/wp-content\/uploads\/2026\/08\/PHOTO-2026-08-16-16-25-32.jpg 1200w\" sizes=\"auto, (max-width: 767px) 89vw, (max-width: 1000px) 54vw, (max-width: 1071px) 543px, 580px\" \/><\/figure>\n<\/figure>\n\n\n\n<p class=\"wp-block-paragraph\">Sonntag: <\/p>\n\n\n\n<figure class=\"wp-block-image size-full\"><img decoding=\"async\" src=\"https:\/\/hannesriedzwei.sommercamp.berlin\/wp-content\/uploads\/2026\/08\/IMG_8088.heic\" alt=\"\" class=\"wp-image-4024\"\/><\/figure>\n\n\n\n<p class=\"wp-block-paragraph\">Am Sonntag wurden Zeltfotos gemacht gemeinsam mit den Kindern und Betreuern zusammen. Jedes Jahr bekommen alle Kinder ein T-Shirt von uns und es werden schicke Fotos gemacht, so auch dieses Jahr! <\/p>\n\n\n\n<figure class=\"wp-block-gallery has-nested-images columns-default is-cropped wp-block-gallery-12 is-layout-flex wp-block-gallery-is-layout-flex\">\n<figure class=\"wp-block-image size-large\"><img loading=\"lazy\" decoding=\"async\" width=\"771\" height=\"1024\" data-id=\"4031\" src=\"https:\/\/hannesriedzwei.sommercamp.berlin\/wp-content\/uploads\/2026\/08\/PHOTO-2026-08-17-22-45-58-2-771x1024.jpg\" alt=\"\" class=\"wp-image-4031\" srcset=\"https:\/\/hannesriedzwei.sommercamp.berlin\/wp-content\/uploads\/2026\/08\/PHOTO-2026-08-17-22-45-58-2-771x1024.jpg 771w, https:\/\/hannesriedzwei.sommercamp.berlin\/wp-content\/uploads\/2026\/08\/PHOTO-2026-08-17-22-45-58-2-226x300.jpg 226w, https:\/\/hannesriedzwei.sommercamp.berlin\/wp-content\/uploads\/2026\/08\/PHOTO-2026-08-17-22-45-58-2-768x1021.jpg 768w, https:\/\/hannesriedzwei.sommercamp.berlin\/wp-content\/uploads\/2026\/08\/PHOTO-2026-08-17-22-45-58-2-1156x1536.jpg 1156w, https:\/\/hannesriedzwei.sommercamp.berlin\/wp-content\/uploads\/2026\/08\/PHOTO-2026-08-17-22-45-58-2.jpg 1204w\" sizes=\"auto, (max-width: 767px) 89vw, (max-width: 1000px) 54vw, (max-width: 1071px) 543px, 580px\" \/><\/figure>\n\n\n\n<figure class=\"wp-block-image size-large\"><img loading=\"lazy\" decoding=\"async\" width=\"771\" height=\"1024\" data-id=\"4032\" src=\"https:\/\/hannesriedzwei.sommercamp.berlin\/wp-content\/uploads\/2026\/08\/PHOTO-2026-08-17-22-45-55-771x1024.jpg\" alt=\"\" class=\"wp-image-4032\" srcset=\"https:\/\/hannesriedzwei.sommercamp.berlin\/wp-content\/uploads\/2026\/08\/PHOTO-2026-08-17-22-45-55-771x1024.jpg 771w, https:\/\/hannesriedzwei.sommercamp.berlin\/wp-content\/uploads\/2026\/08\/PHOTO-2026-08-17-22-45-55-226x300.jpg 226w, https:\/\/hannesriedzwei.sommercamp.berlin\/wp-content\/uploads\/2026\/08\/PHOTO-2026-08-17-22-45-55-768x1021.jpg 768w, https:\/\/hannesriedzwei.sommercamp.berlin\/wp-content\/uploads\/2026\/08\/PHOTO-2026-08-17-22-45-55-1156x1536.jpg 1156w, https:\/\/hannesriedzwei.sommercamp.berlin\/wp-content\/uploads\/2026\/08\/PHOTO-2026-08-17-22-45-55.jpg 1204w\" sizes=\"auto, (max-width: 767px) 89vw, (max-width: 1000px) 54vw, (max-width: 1071px) 543px, 580px\" \/><\/figure>\n\n\n\n<figure class=\"wp-block-image size-large\"><img loading=\"lazy\" decoding=\"async\" width=\"771\" height=\"1024\" data-id=\"4033\" src=\"https:\/\/hannesriedzwei.sommercamp.berlin\/wp-content\/uploads\/2026\/08\/9701f8a9-7ef3-4aa1-893a-a6d12e0769ae-771x1024.jpg\" alt=\"\" class=\"wp-image-4033\" srcset=\"https:\/\/hannesriedzwei.sommercamp.berlin\/wp-content\/uploads\/2026\/08\/9701f8a9-7ef3-4aa1-893a-a6d12e0769ae-771x1024.jpg 771w, https:\/\/hannesriedzwei.sommercamp.berlin\/wp-content\/uploads\/2026\/08\/9701f8a9-7ef3-4aa1-893a-a6d12e0769ae-226x300.jpg 226w, https:\/\/hannesriedzwei.sommercamp.berlin\/wp-content\/uploads\/2026\/08\/9701f8a9-7ef3-4aa1-893a-a6d12e0769ae-768x1021.jpg 768w, https:\/\/hannesriedzwei.sommercamp.berlin\/wp-content\/uploads\/2026\/08\/9701f8a9-7ef3-4aa1-893a-a6d12e0769ae-1156x1536.jpg 1156w, https:\/\/hannesriedzwei.sommercamp.berlin\/wp-content\/uploads\/2026\/08\/9701f8a9-7ef3-4aa1-893a-a6d12e0769ae.jpg 1204w\" sizes=\"auto, (max-width: 767px) 89vw, (max-width: 1000px) 54vw, (max-width: 1071px) 543px, 580px\" \/><\/figure>\n\n\n\n<figure class=\"wp-block-image size-large\"><img loading=\"lazy\" decoding=\"async\" width=\"771\" height=\"1024\" data-id=\"4034\" src=\"https:\/\/hannesriedzwei.sommercamp.berlin\/wp-content\/uploads\/2026\/08\/PHOTO-2026-08-17-22-45-51-771x1024.jpg\" alt=\"\" class=\"wp-image-4034\" srcset=\"https:\/\/hannesriedzwei.sommercamp.berlin\/wp-content\/uploads\/2026\/08\/PHOTO-2026-08-17-22-45-51-771x1024.jpg 771w, https:\/\/hannesriedzwei.sommercamp.berlin\/wp-content\/uploads\/2026\/08\/PHOTO-2026-08-17-22-45-51-226x300.jpg 226w, https:\/\/hannesriedzwei.sommercamp.berlin\/wp-content\/uploads\/2026\/08\/PHOTO-2026-08-17-22-45-51-768x1021.jpg 768w, https:\/\/hannesriedzwei.sommercamp.berlin\/wp-content\/uploads\/2026\/08\/PHOTO-2026-08-17-22-45-51-1156x1536.jpg 1156w, https:\/\/hannesriedzwei.sommercamp.berlin\/wp-content\/uploads\/2026\/08\/PHOTO-2026-08-17-22-45-51.jpg 1204w\" sizes=\"auto, (max-width: 767px) 89vw, (max-width: 1000px) 54vw, (max-width: 1071px) 543px, 580px\" \/><\/figure>\n\n\n\n<figure class=\"wp-block-image size-large\"><img loading=\"lazy\" decoding=\"async\" width=\"771\" height=\"1024\" data-id=\"4035\" src=\"https:\/\/hannesriedzwei.sommercamp.berlin\/wp-content\/uploads\/2026\/08\/PHOTO-2026-08-17-22-44-18-771x1024.jpg\" alt=\"\" class=\"wp-image-4035\" srcset=\"https:\/\/hannesriedzwei.sommercamp.berlin\/wp-content\/uploads\/2026\/08\/PHOTO-2026-08-17-22-44-18-771x1024.jpg 771w, https:\/\/hannesriedzwei.sommercamp.berlin\/wp-content\/uploads\/2026\/08\/PHOTO-2026-08-17-22-44-18-226x300.jpg 226w, https:\/\/hannesriedzwei.sommercamp.berlin\/wp-content\/uploads\/2026\/08\/PHOTO-2026-08-17-22-44-18-768x1021.jpg 768w, https:\/\/hannesriedzwei.sommercamp.berlin\/wp-content\/uploads\/2026\/08\/PHOTO-2026-08-17-22-44-18-1156x1536.jpg 1156w, https:\/\/hannesriedzwei.sommercamp.berlin\/wp-content\/uploads\/2026\/08\/PHOTO-2026-08-17-22-44-18.jpg 1204w\" sizes=\"auto, (max-width: 767px) 89vw, (max-width: 1000px) 54vw, (max-width: 1071px) 543px, 580px\" \/><\/figure>\n\n\n\n<figure class=\"wp-block-image size-large\"><img loading=\"lazy\" decoding=\"async\" width=\"771\" height=\"1024\" data-id=\"4036\" src=\"https:\/\/hannesriedzwei.sommercamp.berlin\/wp-content\/uploads\/2026\/08\/PHOTO-2026-08-17-22-44-15-771x1024.jpg\" alt=\"\" class=\"wp-image-4036\" srcset=\"https:\/\/hannesriedzwei.sommercamp.berlin\/wp-content\/uploads\/2026\/08\/PHOTO-2026-08-17-22-44-15-771x1024.jpg 771w, https:\/\/hannesriedzwei.sommercamp.berlin\/wp-content\/uploads\/2026\/08\/PHOTO-2026-08-17-22-44-15-226x300.jpg 226w, https:\/\/hannesriedzwei.sommercamp.berlin\/wp-content\/uploads\/2026\/08\/PHOTO-2026-08-17-22-44-15-768x1021.jpg 768w, https:\/\/hannesriedzwei.sommercamp.berlin\/wp-content\/uploads\/2026\/08\/PHOTO-2026-08-17-22-44-15-1156x1536.jpg 1156w, https:\/\/hannesriedzwei.sommercamp.berlin\/wp-content\/uploads\/2026\/08\/PHOTO-2026-08-17-22-44-15.jpg 1204w\" sizes=\"auto, (max-width: 767px) 89vw, (max-width: 1000px) 54vw, (max-width: 1071px) 543px, 580px\" \/><\/figure>\n\n\n\n<figure class=\"wp-block-image size-large\"><img loading=\"lazy\" decoding=\"async\" width=\"771\" height=\"1024\" data-id=\"4037\" src=\"https:\/\/hannesriedzwei.sommercamp.berlin\/wp-content\/uploads\/2026\/08\/PHOTO-2026-08-17-22-44-08-771x1024.jpg\" alt=\"\" class=\"wp-image-4037\" srcset=\"https:\/\/hannesriedzwei.sommercamp.berlin\/wp-content\/uploads\/2026\/08\/PHOTO-2026-08-17-22-44-08-771x1024.jpg 771w, https:\/\/hannesriedzwei.sommercamp.berlin\/wp-content\/uploads\/2026\/08\/PHOTO-2026-08-17-22-44-08-226x300.jpg 226w, https:\/\/hannesriedzwei.sommercamp.berlin\/wp-content\/uploads\/2026\/08\/PHOTO-2026-08-17-22-44-08-768x1021.jpg 768w, https:\/\/hannesriedzwei.sommercamp.berlin\/wp-content\/uploads\/2026\/08\/PHOTO-2026-08-17-22-44-08-1156x1536.jpg 1156w, https:\/\/hannesriedzwei.sommercamp.berlin\/wp-content\/uploads\/2026\/08\/PHOTO-2026-08-17-22-44-08.jpg 1204w\" sizes=\"auto, (max-width: 767px) 89vw, (max-width: 1000px) 54vw, (max-width: 1071px) 543px, 580px\" \/><\/figure>\n<\/figure>\n\n\n\n<p class=\"wp-block-paragraph\">Abendessen: <\/p>\n\n\n\n<figure class=\"wp-block-gallery has-nested-images columns-default is-cropped wp-block-gallery-13 is-layout-flex wp-block-gallery-is-layout-flex\">\n<figure class=\"wp-block-image size-large\"><img decoding=\"async\" data-id=\"4054\" src=\"https:\/\/hannesriedzwei.sommercamp.berlin\/wp-content\/uploads\/2026\/08\/IMG_8090.heic\" alt=\"\" class=\"wp-image-4054\"\/><\/figure>\n\n\n\n<figure class=\"wp-block-image size-large\"><img decoding=\"async\" data-id=\"4058\" src=\"https:\/\/hannesriedzwei.sommercamp.berlin\/wp-content\/uploads\/2026\/08\/IMG_8089.heic\" alt=\"\" class=\"wp-image-4058\"\/><\/figure>\n\n\n\n<figure class=\"wp-block-image size-large\"><img decoding=\"async\" data-id=\"4055\" src=\"https:\/\/hannesriedzwei.sommercamp.berlin\/wp-content\/uploads\/2026\/08\/IMG_8091.heic\" alt=\"\" class=\"wp-image-4055\"\/><\/figure>\n\n\n\n<figure class=\"wp-block-image size-large\"><img decoding=\"async\" data-id=\"4053\" src=\"https:\/\/hannesriedzwei.sommercamp.berlin\/wp-content\/uploads\/2026\/08\/IMG_8094.heic\" alt=\"\" class=\"wp-image-4053\"\/><\/figure>\n<\/figure>\n","protected":false},"excerpt":{"rendered":"<p>Am Samstag sind wir mit den Kindern gemeinsam ins Dorf nach Hannesried gefahren, das ist der Ort den man vom Zeltplatz aus sehen kann. Dieses Jahr feiert die Feuerwehr dort n\u00e4mlich ihr 150. Jubil\u00e4um und auch wir Teamer von der Schreberjugend waren eingetragen zum Traktor ziehen. Daf\u00fcr brauchten wir nat\u00fcrlich ein Publikum was uns anfeuert! &hellip; <\/p>\n<p class=\"link-more\"><a href=\"https:\/\/hannesriedzwei.sommercamp.berlin\/?p=3987\" class=\"more-link\"><span class=\"screen-reader-text\">\u201e150 Jahre FFW Hannesried und Not-So-Hippie-Tag I15.08\/16.08I\u201c <\/span>weiterlesen<\/a><\/p>\n","protected":false},"author":5,"featured_media":0,"comment_status":"open","ping_status":"","sticky":false,"template":"","format":"standard","meta":{"footnotes":""},"categories":[1],"tags":[],"class_list":["post-3987","post","type-post","status-publish","format-standard","hentry","category-uncategorized"],"_links":{"self":[{"href":"https:\/\/hannesriedzwei.sommercamp.berlin\/index.php?rest_route=\/wp\/v2\/posts\/3987","targetHints":{"allow":["GET"]}}],"collection":[{"href":"https:\/\/hannesriedzwei.sommercamp.berlin\/index.php?rest_route=\/wp\/v2\/posts"}],"about":[{"href":"https:\/\/hannesriedzwei.sommercamp.berlin\/index.php?rest_route=\/wp\/v2\/types\/post"}],"author":[{"embeddable":true,"href":"https:\/\/hannesriedzwei.sommercamp.berlin\/index.php?rest_route=\/wp\/v2\/users\/5"}],"replies":[{"embeddable":true,"href":"https:\/\/hannesriedzwei.sommercamp.berlin\/index.php?rest_route=%2Fwp%2Fv2%2Fcomments&post=3987"}],"version-history":[{"count":8,"href":"https:\/\/hannesriedzwei.sommercamp.berlin\/index.php?rest_route=\/wp\/v2\/posts\/3987\/revisions"}],"predecessor-version":[{"id":4059,"href":"https:\/\/hannesriedzwei.sommercamp.berlin\/index.php?rest_route=\/wp\/v2\/posts\/3987\/revisions\/4059"}],"wp:attachment":[{"href":"https:\/\/hannesriedzwei.sommercamp.berlin\/index.php?rest_route=%2Fwp%2Fv2%2Fmedia&parent=3987"}],"wp:term":[{"taxonomy":"category","embeddable":true,"href":"https:\/\/hannesriedzwei.sommercamp.berlin\/index.php?rest_route=%2Fwp%2Fv2%2Fcategories&post=3987"},{"taxonomy":"post_tag","embeddable":true,"href":"https:\/\/hannesriedzwei.sommercamp.berlin\/index.php?rest_route=%2Fwp%2Fv2%2Ftags&post=3987"}],"curies":[{"name":"wp","href":"https:\/\/api.w.org\/{rel}","templated":true}]}}