{"id":4043,"date":"2026-08-17T21:23:06","date_gmt":"2026-08-17T21:23:06","guid":{"rendered":"https:\/\/hannesriedzwei.sommercamp.berlin\/?p=4043"},"modified":"2026-08-17T21:23:06","modified_gmt":"2026-08-17T21:23:06","slug":"tagesfahrt-in-die-therme-i17-08-i","status":"publish","type":"post","link":"https:\/\/hannesriedzwei.sommercamp.berlin\/?p=4043","title":{"rendered":"Tagesfahrt in die Therme! I17.08.I"},"content":{"rendered":"\n<figure class=\"wp-block-image size-full\"><img decoding=\"async\" src=\"https:\/\/hannesriedzwei.sommercamp.berlin\/wp-content\/uploads\/2026\/08\/IMG_8097.heic\" alt=\"\" class=\"wp-image-4044\"\/><\/figure>\n\n\n\n<p class=\"wp-block-paragraph\">Heute ging es f\u00fcr uns alle in die Therme nach Amberg! Das ist eine der zwei Tagesfahrten die wir jedes Jahr machen. Es hie\u00df wie immer: fr\u00fch aufstehen. Der Bus fuhr n\u00e4mlich schon um 9 Uhr ab, also wurde um 7 Uhr geweckt, sodass wir gut in der Zeit liegen. <\/p>\n\n\n\n<figure class=\"wp-block-gallery has-nested-images columns-default is-cropped wp-block-gallery-1 is-layout-flex wp-block-gallery-is-layout-flex\">\n<figure class=\"wp-block-image size-large\"><img loading=\"lazy\" decoding=\"async\" width=\"768\" height=\"1024\" data-id=\"4045\" src=\"https:\/\/hannesriedzwei.sommercamp.berlin\/wp-content\/uploads\/2026\/08\/PHOTO-2026-08-17-22-41-33-768x1024.jpg\" alt=\"\" class=\"wp-image-4045\" srcset=\"https:\/\/hannesriedzwei.sommercamp.berlin\/wp-content\/uploads\/2026\/08\/PHOTO-2026-08-17-22-41-33-768x1024.jpg 768w, https:\/\/hannesriedzwei.sommercamp.berlin\/wp-content\/uploads\/2026\/08\/PHOTO-2026-08-17-22-41-33-225x300.jpg 225w, https:\/\/hannesriedzwei.sommercamp.berlin\/wp-content\/uploads\/2026\/08\/PHOTO-2026-08-17-22-41-33-1152x1536.jpg 1152w, https:\/\/hannesriedzwei.sommercamp.berlin\/wp-content\/uploads\/2026\/08\/PHOTO-2026-08-17-22-41-33.jpg 1200w\" sizes=\"auto, (max-width: 767px) 89vw, (max-width: 1000px) 54vw, (max-width: 1071px) 543px, 580px\" \/><\/figure>\n\n\n\n<figure class=\"wp-block-image size-large\"><img loading=\"lazy\" decoding=\"async\" width=\"1024\" height=\"768\" data-id=\"4046\" src=\"https:\/\/hannesriedzwei.sommercamp.berlin\/wp-content\/uploads\/2026\/08\/PHOTO-2026-08-17-17-29-23-1024x768.jpg\" alt=\"\" class=\"wp-image-4046\" srcset=\"https:\/\/hannesriedzwei.sommercamp.berlin\/wp-content\/uploads\/2026\/08\/PHOTO-2026-08-17-17-29-23-1024x768.jpg 1024w, https:\/\/hannesriedzwei.sommercamp.berlin\/wp-content\/uploads\/2026\/08\/PHOTO-2026-08-17-17-29-23-300x225.jpg 300w, https:\/\/hannesriedzwei.sommercamp.berlin\/wp-content\/uploads\/2026\/08\/PHOTO-2026-08-17-17-29-23-768x576.jpg 768w, https:\/\/hannesriedzwei.sommercamp.berlin\/wp-content\/uploads\/2026\/08\/PHOTO-2026-08-17-17-29-23-1536x1152.jpg 1536w, https:\/\/hannesriedzwei.sommercamp.berlin\/wp-content\/uploads\/2026\/08\/PHOTO-2026-08-17-17-29-23.jpg 2048w\" sizes=\"auto, (max-width: 767px) 89vw, (max-width: 1000px) 54vw, (max-width: 1071px) 543px, 580px\" \/><\/figure>\n\n\n\n<figure class=\"wp-block-image size-large\"><img loading=\"lazy\" decoding=\"async\" width=\"768\" height=\"1024\" data-id=\"4047\" src=\"https:\/\/hannesriedzwei.sommercamp.berlin\/wp-content\/uploads\/2026\/08\/PHOTO-2026-08-17-17-29-26-4-768x1024.jpg\" alt=\"\" class=\"wp-image-4047\" srcset=\"https:\/\/hannesriedzwei.sommercamp.berlin\/wp-content\/uploads\/2026\/08\/PHOTO-2026-08-17-17-29-26-4-768x1024.jpg 768w, https:\/\/hannesriedzwei.sommercamp.berlin\/wp-content\/uploads\/2026\/08\/PHOTO-2026-08-17-17-29-26-4-225x300.jpg 225w, https:\/\/hannesriedzwei.sommercamp.berlin\/wp-content\/uploads\/2026\/08\/PHOTO-2026-08-17-17-29-26-4-1152x1536.jpg 1152w, https:\/\/hannesriedzwei.sommercamp.berlin\/wp-content\/uploads\/2026\/08\/PHOTO-2026-08-17-17-29-26-4.jpg 1536w\" sizes=\"auto, (max-width: 767px) 89vw, (max-width: 1000px) 54vw, (max-width: 1071px) 543px, 580px\" \/><\/figure>\n\n\n\n<figure class=\"wp-block-image size-large\"><img loading=\"lazy\" decoding=\"async\" width=\"768\" height=\"1024\" data-id=\"4048\" src=\"https:\/\/hannesriedzwei.sommercamp.berlin\/wp-content\/uploads\/2026\/08\/PHOTO-2026-08-17-17-29-26-3-768x1024.jpg\" alt=\"\" class=\"wp-image-4048\" srcset=\"https:\/\/hannesriedzwei.sommercamp.berlin\/wp-content\/uploads\/2026\/08\/PHOTO-2026-08-17-17-29-26-3-768x1024.jpg 768w, https:\/\/hannesriedzwei.sommercamp.berlin\/wp-content\/uploads\/2026\/08\/PHOTO-2026-08-17-17-29-26-3-225x300.jpg 225w, https:\/\/hannesriedzwei.sommercamp.berlin\/wp-content\/uploads\/2026\/08\/PHOTO-2026-08-17-17-29-26-3-1152x1536.jpg 1152w, https:\/\/hannesriedzwei.sommercamp.berlin\/wp-content\/uploads\/2026\/08\/PHOTO-2026-08-17-17-29-26-3.jpg 1536w\" sizes=\"auto, (max-width: 767px) 89vw, (max-width: 1000px) 54vw, (max-width: 1071px) 543px, 580px\" \/><\/figure>\n\n\n\n<figure class=\"wp-block-image size-large\"><img loading=\"lazy\" decoding=\"async\" width=\"768\" height=\"1024\" data-id=\"4049\" src=\"https:\/\/hannesriedzwei.sommercamp.berlin\/wp-content\/uploads\/2026\/08\/PHOTO-2026-08-17-17-29-26-2-768x1024.jpg\" alt=\"\" class=\"wp-image-4049\" srcset=\"https:\/\/hannesriedzwei.sommercamp.berlin\/wp-content\/uploads\/2026\/08\/PHOTO-2026-08-17-17-29-26-2-768x1024.jpg 768w, https:\/\/hannesriedzwei.sommercamp.berlin\/wp-content\/uploads\/2026\/08\/PHOTO-2026-08-17-17-29-26-2-225x300.jpg 225w, https:\/\/hannesriedzwei.sommercamp.berlin\/wp-content\/uploads\/2026\/08\/PHOTO-2026-08-17-17-29-26-2-1152x1536.jpg 1152w, https:\/\/hannesriedzwei.sommercamp.berlin\/wp-content\/uploads\/2026\/08\/PHOTO-2026-08-17-17-29-26-2.jpg 1536w\" sizes=\"auto, (max-width: 767px) 89vw, (max-width: 1000px) 54vw, (max-width: 1071px) 543px, 580px\" \/><\/figure>\n\n\n\n<figure class=\"wp-block-image size-large\"><img loading=\"lazy\" decoding=\"async\" width=\"1024\" height=\"646\" data-id=\"4050\" src=\"https:\/\/hannesriedzwei.sommercamp.berlin\/wp-content\/uploads\/2026\/08\/PHOTO-2026-08-17-17-29-25-1024x646.jpg\" alt=\"\" class=\"wp-image-4050\" srcset=\"https:\/\/hannesriedzwei.sommercamp.berlin\/wp-content\/uploads\/2026\/08\/PHOTO-2026-08-17-17-29-25-1024x646.jpg 1024w, https:\/\/hannesriedzwei.sommercamp.berlin\/wp-content\/uploads\/2026\/08\/PHOTO-2026-08-17-17-29-25-300x189.jpg 300w, https:\/\/hannesriedzwei.sommercamp.berlin\/wp-content\/uploads\/2026\/08\/PHOTO-2026-08-17-17-29-25-768x485.jpg 768w, https:\/\/hannesriedzwei.sommercamp.berlin\/wp-content\/uploads\/2026\/08\/PHOTO-2026-08-17-17-29-25-1536x969.jpg 1536w, https:\/\/hannesriedzwei.sommercamp.berlin\/wp-content\/uploads\/2026\/08\/PHOTO-2026-08-17-17-29-25.jpg 2048w\" sizes=\"auto, (max-width: 767px) 89vw, (max-width: 1000px) 54vw, (max-width: 1071px) 543px, 580px\" \/><\/figure>\n\n\n\n<figure class=\"wp-block-image size-large\"><img loading=\"lazy\" decoding=\"async\" width=\"768\" height=\"1024\" data-id=\"4051\" src=\"https:\/\/hannesriedzwei.sommercamp.berlin\/wp-content\/uploads\/2026\/08\/PHOTO-2026-08-17-17-29-26-768x1024.jpg\" alt=\"\" class=\"wp-image-4051\" srcset=\"https:\/\/hannesriedzwei.sommercamp.berlin\/wp-content\/uploads\/2026\/08\/PHOTO-2026-08-17-17-29-26-768x1024.jpg 768w, https:\/\/hannesriedzwei.sommercamp.berlin\/wp-content\/uploads\/2026\/08\/PHOTO-2026-08-17-17-29-26-225x300.jpg 225w, https:\/\/hannesriedzwei.sommercamp.berlin\/wp-content\/uploads\/2026\/08\/PHOTO-2026-08-17-17-29-26-1152x1536.jpg 1152w, https:\/\/hannesriedzwei.sommercamp.berlin\/wp-content\/uploads\/2026\/08\/PHOTO-2026-08-17-17-29-26.jpg 1536w\" sizes=\"auto, (max-width: 767px) 89vw, (max-width: 1000px) 54vw, (max-width: 1071px) 543px, 580px\" \/><\/figure>\n<\/figure>\n\n\n\n<p class=\"wp-block-paragraph\">Dadurch, dass wir den ganzen Tag im Wasser waren gab es leider nur wenige Fotos, zum Abendessen gab es heute den legend\u00e4ren Pat-Spezial Nudelauflauf, den die Kinder geliebt haben! Wir haben abends noch ein paar Runden Zombieball gespielt, aber die meisten Kinder waren nach der Therme ziemlich ersch\u00f6pft, sodass viele in ihren Zelten geblieben sind und gequatscht haben, bis es dann um 21:30 wieder hie\u00df: Z\u00e4hne putzen, Pullern und ab ins Bett! Um 22:00 ist n\u00e4mlich wie immer Nachtruhe. Wecken ist seit der letzten Disco \u00fcbrigens um 9:00, das bedeutet die Kinder k\u00f6nnen quasi ausschlafen, die meisten sind jedoch eh fr\u00fcher wach.<\/p>\n","protected":false},"excerpt":{"rendered":"<p>Heute ging es f\u00fcr uns alle in die Therme nach Amberg! Das ist eine der zwei Tagesfahrten die wir jedes Jahr machen. Es hie\u00df wie immer: fr\u00fch aufstehen. Der Bus fuhr n\u00e4mlich schon um 9 Uhr ab, also wurde um 7 Uhr geweckt, sodass wir gut in der Zeit liegen. Dadurch, dass wir den ganzen &hellip; <\/p>\n<p class=\"link-more\"><a href=\"https:\/\/hannesriedzwei.sommercamp.berlin\/?p=4043\" class=\"more-link\"><span class=\"screen-reader-text\">\u201eTagesfahrt in die Therme! I17.08.I\u201c <\/span>weiterlesen<\/a><\/p>\n","protected":false},"author":5,"featured_media":0,"comment_status":"open","ping_status":"","sticky":false,"template":"","format":"standard","meta":{"footnotes":""},"categories":[1],"tags":[],"class_list":["post-4043","post","type-post","status-publish","format-standard","hentry","category-uncategorized"],"_links":{"self":[{"href":"https:\/\/hannesriedzwei.sommercamp.berlin\/index.php?rest_route=\/wp\/v2\/posts\/4043","targetHints":{"allow":["GET"]}}],"collection":[{"href":"https:\/\/hannesriedzwei.sommercamp.berlin\/index.php?rest_route=\/wp\/v2\/posts"}],"about":[{"href":"https:\/\/hannesriedzwei.sommercamp.berlin\/index.php?rest_route=\/wp\/v2\/types\/post"}],"author":[{"embeddable":true,"href":"https:\/\/hannesriedzwei.sommercamp.berlin\/index.php?rest_route=\/wp\/v2\/users\/5"}],"replies":[{"embeddable":true,"href":"https:\/\/hannesriedzwei.sommercamp.berlin\/index.php?rest_route=%2Fwp%2Fv2%2Fcomments&post=4043"}],"version-history":[{"count":2,"href":"https:\/\/hannesriedzwei.sommercamp.berlin\/index.php?rest_route=\/wp\/v2\/posts\/4043\/revisions"}],"predecessor-version":[{"id":4060,"href":"https:\/\/hannesriedzwei.sommercamp.berlin\/index.php?rest_route=\/wp\/v2\/posts\/4043\/revisions\/4060"}],"wp:attachment":[{"href":"https:\/\/hannesriedzwei.sommercamp.berlin\/index.php?rest_route=%2Fwp%2Fv2%2Fmedia&parent=4043"}],"wp:term":[{"taxonomy":"category","embeddable":true,"href":"https:\/\/hannesriedzwei.sommercamp.berlin\/index.php?rest_route=%2Fwp%2Fv2%2Fcategories&post=4043"},{"taxonomy":"post_tag","embeddable":true,"href":"https:\/\/hannesriedzwei.sommercamp.berlin\/index.php?rest_route=%2Fwp%2Fv2%2Ftags&post=4043"}],"curies":[{"name":"wp","href":"https:\/\/api.w.org\/{rel}","templated":true}]}}